{"id":386119,"date":"2016-04-06T12:00:19","date_gmt":"2016-04-06T18:00:19","guid":{"rendered":"http:\/\/www.futboltotal.com.mx\/?p=386119"},"modified":"2016-04-06T12:29:24","modified_gmt":"2016-04-06T18:29:24","slug":"en-francia-piden-estatua-gignac","status":"publish","type":"post","link":"http:\/\/desarrollo.grupomedios.com\/futbol\/destacado-home\/en-francia-piden-estatua-gignac\/2016\/04","title":{"rendered":"\u00a1Un monumento para Andr\u00e9-Pierre Gignac!"},"content":{"rendered":"<p>La notable actuaci\u00f3n que tuvo en goleador\u00a0de Tigres,\u00a0<strong>Andr\u00e9-Pierre Gignac,\u00a0<\/strong>en las semifinales de la Liga de Campeones de la Concacaf ante Quer\u00e9taro no\u00a0pas\u00f3 desapercibida para la selecci\u00f3n de Francia.<\/p>\n<p>Y es que desde su cuenta oficial de<em> twitter<\/em>, <em>Les Bleus<\/em> presumieron el doblete marcado por\u00a0<strong>Gignac,\u00a0<\/strong>que\u00a0vali\u00f3 el pase para la final\u00edsima de la competici\u00f3n tras la victoria 2-0 en el Volc\u00e1n, y tambi\u00e9n sugirieron al conjunto del <em>Tuca<\/em> Ferretti construir una estatua en territorio regio para el internacional franc\u00e9s.<\/p>\n<blockquote class=\"twitter-tweet\" data-lang=\"es\">\n<p dir=\"ltr\" lang=\"fr\">Gr\u00e2ce \u00e0 son doubl\u00e9, <a href=\"https:\/\/twitter.com\/10APG\">@10APG<\/a> qualifie les <a href=\"https:\/\/twitter.com\/TigresOficial\">@TigresOficial<\/a> pour leur 1\u00e8re finale de la Ligue des Champions CONCACAF ! <a href=\"https:\/\/t.co\/Gf0iDbg9vg\">pic.twitter.com\/Gf0iDbg9vg<\/a><\/p>\n<p>\u2014 Equipe de France (@equipedefrance) <a href=\"https:\/\/twitter.com\/equipedefrance\/status\/717611060468039680\">6 de abril de 2016<\/a><\/p><\/blockquote>\n<p style=\"text-align: center;\"><strong><span style=\"color: #3366ff;\"><a style=\"color: #3366ff;\" href=\"http:\/\/www.futboltotal.com.mx\/2016\/04\/tigres-pasa-a-la-final-concachampions\/\">LEER M\u00c1S: Definida la final de la Liga de Campeones de la Concacaf<\/a><\/span><\/strong><br \/>\n<script src=\"\/\/platform.twitter.com\/widgets.js\" async=\"\" charset=\"utf-8\"><\/script><\/p>\n<blockquote class=\"twitter-tweet\" data-lang=\"es\"><p>\n\u00c0 quand la statue de D\u00e9d\u00e9 Gignac \u00e0 Monterrey au Mexique !? Ecoutez cette ambiance de folie ?? <a href=\"https:\/\/twitter.com\/TigresOficial\">@TigresOficial<\/a> <a href=\"https:\/\/t.co\/5CNrdVzgRX\">https:\/\/t.co\/5CNrdVzgRX<\/a><\/p>\n<p>\u2014 Equipe de France (@equipedefrance) <a href=\"https:\/\/twitter.com\/equipedefrance\/status\/717709179914481665\">6 de abril de 2016<\/a>\n<\/p><\/blockquote>\n<p><script src=\"\/\/platform.twitter.com\/widgets.js\" async=\"\" charset=\"utf-8\"><\/script><br \/>\nDe los ocho partidos que<strong> Tigres<\/strong>\u00a0ha disputado hasta el momento de la <em>Concachampions, <\/em><strong>Gignac\u00a0<\/strong>ha sido titular en cinco y ha marcado tres goles. En la final tendr\u00e1 que toparse con Am\u00e9rica un rival al que recientemente anot\u00f3 en la jornada 8 del Clausura 2016 de la Liga MX.<\/p>\n<p>&nbsp;<\/p>\n","protected":false},"excerpt":{"rendered":"<p>Francia qued\u00f3 fascinada con la actuaci\u00f3n del goleador en Concachampions<\/p>\n","protected":false},"author":20,"featured_media":386132,"comment_status":"closed","ping_status":"closed","sticky":false,"template":"","format":"standard","meta":[],"categories":[5,2198,3845],"tags":[5430,2749,5973],"_links":{"self":[{"href":"http:\/\/desarrollo.grupomedios.com\/futbol\/wp-json\/wp\/v2\/posts\/386119"}],"collection":[{"href":"http:\/\/desarrollo.grupomedios.com\/futbol\/wp-json\/wp\/v2\/posts"}],"about":[{"href":"http:\/\/desarrollo.grupomedios.com\/futbol\/wp-json\/wp\/v2\/types\/post"}],"author":[{"embeddable":true,"href":"http:\/\/desarrollo.grupomedios.com\/futbol\/wp-json\/wp\/v2\/users\/20"}],"replies":[{"embeddable":true,"href":"http:\/\/desarrollo.grupomedios.com\/futbol\/wp-json\/wp\/v2\/comments?post=386119"}],"version-history":[{"count":0,"href":"http:\/\/desarrollo.grupomedios.com\/futbol\/wp-json\/wp\/v2\/posts\/386119\/revisions"}],"wp:featuredmedia":[{"embeddable":true,"href":"http:\/\/desarrollo.grupomedios.com\/futbol\/wp-json\/wp\/v2\/media\/386132"}],"wp:attachment":[{"href":"http:\/\/desarrollo.grupomedios.com\/futbol\/wp-json\/wp\/v2\/media?parent=386119"}],"wp:term":[{"taxonomy":"category","embeddable":true,"href":"http:\/\/desarrollo.grupomedios.com\/futbol\/wp-json\/wp\/v2\/categories?post=386119"},{"taxonomy":"post_tag","embeddable":true,"href":"http:\/\/desarrollo.grupomedios.com\/futbol\/wp-json\/wp\/v2\/tags?post=386119"}],"curies":[{"name":"wp","href":"https:\/\/api.w.org\/{rel}","templated":true}]}}