{"id":386400,"date":"2016-04-07T08:00:29","date_gmt":"2016-04-07T14:00:29","guid":{"rendered":"http:\/\/www.futboltotal.com.mx\/?p=386400"},"modified":"2016-04-10T08:06:20","modified_gmt":"2016-04-10T14:06:20","slug":"despertara-el-bombardero","status":"publish","type":"post","link":"http:\/\/desarrollo.grupomedios.com\/futbol\/destacado-home\/despertara-el-bombardero\/2016\/04","title":{"rendered":"\u00bfDespertar\u00e1 el Bombardero?"},"content":{"rendered":"<p>Ninguna temporada\u00a0en la Liga de Espa\u00f1a, en materia de n\u00fameros,\u00a0hab\u00eda sido tan paup\u00e9rrima para el delantero <strong>Carlos Vela<\/strong>. El gol le ha dado la espalda al mexicano, o mejor dicho, \u00e9l ha estado muy lejos de ser el <em>Bombardero<\/em> que lo llev\u00f3 a\u00a0ser \u00eddolo en\u00a0la <strong>Real Sociedad<\/strong>.\u00a0Ahora, el atacante <em>azteca<\/em> se encuentra cerca de firmar su peor campa\u00f1a desde que lleg\u00f3 a San Sebasti\u00e1n, hace un casi lustro.<\/p>\n<p style=\"text-align: left;\"><a href=\"http:\/\/www.futboltotal.com.mx\/wp-content\/uploads\/2016\/04\/Carlos-Vela.jpg\" rel=\"attachment wp-att-386401\"><img decoding=\"async\" loading=\"lazy\" class=\"alignnone size-full wp-image-386401\" src=\"http:\/\/www.futboltotal.com.mx\/wp-content\/uploads\/2016\/04\/Carlos-Vela.jpg\" alt=\"Carlos-Vela\" srcset=\"http:\/\/desarrollo.grupomedios.com\/futbol\/wp-content\/uploads\/2016\/04\/Carlos-Vela.jpg 820w, http:\/\/desarrollo.grupomedios.com\/futbol\/wp-content\/uploads\/2016\/04\/Carlos-Vela-185x300.jpg 185w, http:\/\/desarrollo.grupomedios.com\/futbol\/wp-content\/uploads\/2016\/04\/Carlos-Vela-768x1246.jpg 768w, http:\/\/desarrollo.grupomedios.com\/futbol\/wp-content\/uploads\/2016\/04\/Carlos-Vela-631x1024.jpg 631w\" sizes=\"(max-width: 820px) 100vw, 820px\" \/><\/a><\/p>\n<p style=\"text-align: center;\"><strong><a style=\"color: #3366ff;\" href=\"http:\/\/www.futboltotal.com.mx\/futbol-internacional\/mexicanos-en-europa\/\">LEER M\u00c1S: Todas las noticias de mexicanos en Europa<\/a><\/strong><\/p>\n<p>El curso pasado,\u00a0<strong>Carlos\u00a0Vela<\/strong> termin\u00f3 con nueve goles en liga y puso fin a tres temporadas en las que hab\u00eda superado la decena de dianas que lo acreditaron como l\u00edder anotador del equipo. La baja de rendimiento estuvo ligada a una lesi\u00f3n meniscal que le priv\u00f3 de disputar seis partidos (del 7 de marzo al 16 de abril) y que no le permiti\u00f3 encontrar su mejor versi\u00f3n.<\/p>\n<p>Pero en este ciclo, donde ha sido titular en el 87 por ciento de los cotejos y suma 2,356 minutos -298 m\u00e1s que la campa\u00f1a pasada-, el mexicano solo ha marcado cuatro tantos en 30 apariciones y acumula 11 duelos ligueros sin marcar en lo que va del 2016. N\u00fameros m\u00e1s que cuestionables.<\/p>\n<p>&#8220;Reconozco que no he tenido mi mejor a\u00f1o&#8221;, apunt\u00f3 el <em>Bombardero<\/em>\u00a0en su \u00faltima rueda de prensa. &#8220;Estoy comprometido con el grupo&#8221; agreg\u00f3 en tono mesurado tras externar su arrepentimiento por haber faltado a un entrenamiento por ir a un concierto en Madrid.<\/p>\n<p style=\"text-align: center;\"><span style=\"color: #3366ff;\"><strong><a style=\"color: #3366ff;\" href=\"http:\/\/www.futboltotal.com.mx\/2016\/03\/club-la-liga-mx-le-acomoda-carlos-vela\/\">LEER M\u00c1S: \u00bfQu\u00e9 club de la Liga MX le acomoda a Carlos Vela?<\/a><\/strong><\/span><\/p>\n<p>Sin embargo,\u00a0<strong>Carlos Vela<\/strong> tiene en puerta el reto m\u00e1s estimulante para dar un vuelco a contrarreloj y evitar su a\u00f1o menos productivo:\u00a0exhibir su calibre goleador ante\u00a0siete rivales en el desenlace de la temporada 2015-16 para\u00a0reconquistar a la afici\u00f3n de San Sebasti\u00e1n y, adem\u00e1s, ganar de nueva cuenta un sitio en la convocatoria de la Selecci\u00f3n Mexicana para disputar la Copa Am\u00e9rica Centenario.<\/p>\n<p>&#8220;A Vela no lo trajimos porque no ha tenido un buen rendimiento, pero confiamos en que repunte&#8221;, expuso el DT del Tri, Juan Carlos Osorio, previo a las eliminatorias mundialistas ante Canad\u00e1.<\/p>\n<p>Al <em>Bombardero<\/em><strong>\u00a0Vela<\/strong>\u00a0le esperan<strong>\u00a0<\/strong>Barcelona, Eibar, Getafe, Villarreal, Real Madrid, Rayo Vallecano y Valencia. A todos los ha vulnerado -los\u00a0<em>Ch\u00e9s<\/em> son su v\u00edctima preferida y les ha hecho siete goles-. Recuperar el prestigio de <em>Bombardero<\/em>\u00a0en el que puede ser su \u00faltimo a\u00f1o con la Real Sociedad y estar con el <em>Tri<\/em>\u00a0en su primera Copa Am\u00e9rica solo depende de s\u00ed mismo.<\/p>\n","protected":false},"excerpt":{"rendered":"<p>El mexicano necesita un cierre mete\u00f3rico para evitar su peor temporada<\/p>\n","protected":false},"author":20,"featured_media":386531,"comment_status":"closed","ping_status":"closed","sticky":false,"template":"","format":"standard","meta":[],"categories":[5,3839,3844,6718],"tags":[6048,102],"_links":{"self":[{"href":"http:\/\/desarrollo.grupomedios.com\/futbol\/wp-json\/wp\/v2\/posts\/386400"}],"collection":[{"href":"http:\/\/desarrollo.grupomedios.com\/futbol\/wp-json\/wp\/v2\/posts"}],"about":[{"href":"http:\/\/desarrollo.grupomedios.com\/futbol\/wp-json\/wp\/v2\/types\/post"}],"author":[{"embeddable":true,"href":"http:\/\/desarrollo.grupomedios.com\/futbol\/wp-json\/wp\/v2\/users\/20"}],"replies":[{"embeddable":true,"href":"http:\/\/desarrollo.grupomedios.com\/futbol\/wp-json\/wp\/v2\/comments?post=386400"}],"version-history":[{"count":0,"href":"http:\/\/desarrollo.grupomedios.com\/futbol\/wp-json\/wp\/v2\/posts\/386400\/revisions"}],"wp:featuredmedia":[{"embeddable":true,"href":"http:\/\/desarrollo.grupomedios.com\/futbol\/wp-json\/wp\/v2\/media\/386531"}],"wp:attachment":[{"href":"http:\/\/desarrollo.grupomedios.com\/futbol\/wp-json\/wp\/v2\/media?parent=386400"}],"wp:term":[{"taxonomy":"category","embeddable":true,"href":"http:\/\/desarrollo.grupomedios.com\/futbol\/wp-json\/wp\/v2\/categories?post=386400"},{"taxonomy":"post_tag","embeddable":true,"href":"http:\/\/desarrollo.grupomedios.com\/futbol\/wp-json\/wp\/v2\/tags?post=386400"}],"curies":[{"name":"wp","href":"https:\/\/api.w.org\/{rel}","templated":true}]}}