{"id":386494,"date":"2016-04-07T09:44:38","date_gmt":"2016-04-07T15:44:38","guid":{"rendered":"http:\/\/www.futboltotal.com.mx\/?p=386494"},"modified":"2016-04-07T09:44:38","modified_gmt":"2016-04-07T15:44:38","slug":"franck-ribery-terror-los-rivales","status":"publish","type":"post","link":"http:\/\/desarrollo.grupomedios.com\/futbol\/videos\/franck-ribery-terror-los-rivales\/2016\/04","title":{"rendered":"Franck Rib\u00e9ry, el terror de los rivales"},"content":{"rendered":"<p>Con 33 a\u00f1os sigue siendo una m\u00e1quina de drible, un especialista del cambio de ritmo y quir\u00fargico para servir pases de gol. Esas destrezas hacen de <strong>Franck Rib\u00e9ry<\/strong> un terror para los rivales y un aliado de fantas\u00eda para sus compa\u00f1eros.<\/p>\n<p><strong>Futbol Total<\/strong> recopila algunos de los mejores momentos del <em>crack<\/em> franc\u00e9s en su cumplea\u00f1os, en un video en el que no faltan las risas y bromas.<\/p>\n<p>[video_player]https:\/\/player.vimeo.com\/external\/161943586.hd.mp4?s=c64e8da1621360f3634e54bde21670ab28d81166&amp;profile_id=119[\/video_player]<\/p>\n<p style=\"text-align: center;\"><strong><span style=\"color: #3366ff;\"><a style=\"color: #3366ff;\" href=\"http:\/\/www.futboltotal.com.mx\/2016\/04\/las-emociones-la-champions-league\/\">LEER M\u00c1S: Las EMOCIONES\u00a0de&#8230; \u00a1la Champions!<\/a><\/span><\/strong><\/p>\n","protected":false},"excerpt":{"rendered":"<p>El franc\u00e9s asusta sin importar si es por habilidad o presencia<\/p>\n","protected":false},"author":20,"featured_media":386504,"comment_status":"closed","ping_status":"closed","sticky":false,"template":"","format":"standard","meta":[],"categories":[3839,4],"tags":[2056,413,367],"_links":{"self":[{"href":"http:\/\/desarrollo.grupomedios.com\/futbol\/wp-json\/wp\/v2\/posts\/386494"}],"collection":[{"href":"http:\/\/desarrollo.grupomedios.com\/futbol\/wp-json\/wp\/v2\/posts"}],"about":[{"href":"http:\/\/desarrollo.grupomedios.com\/futbol\/wp-json\/wp\/v2\/types\/post"}],"author":[{"embeddable":true,"href":"http:\/\/desarrollo.grupomedios.com\/futbol\/wp-json\/wp\/v2\/users\/20"}],"replies":[{"embeddable":true,"href":"http:\/\/desarrollo.grupomedios.com\/futbol\/wp-json\/wp\/v2\/comments?post=386494"}],"version-history":[{"count":0,"href":"http:\/\/desarrollo.grupomedios.com\/futbol\/wp-json\/wp\/v2\/posts\/386494\/revisions"}],"wp:featuredmedia":[{"embeddable":true,"href":"http:\/\/desarrollo.grupomedios.com\/futbol\/wp-json\/wp\/v2\/media\/386504"}],"wp:attachment":[{"href":"http:\/\/desarrollo.grupomedios.com\/futbol\/wp-json\/wp\/v2\/media?parent=386494"}],"wp:term":[{"taxonomy":"category","embeddable":true,"href":"http:\/\/desarrollo.grupomedios.com\/futbol\/wp-json\/wp\/v2\/categories?post=386494"},{"taxonomy":"post_tag","embeddable":true,"href":"http:\/\/desarrollo.grupomedios.com\/futbol\/wp-json\/wp\/v2\/tags?post=386494"}],"curies":[{"name":"wp","href":"https:\/\/api.w.org\/{rel}","templated":true}]}}