{"id":386568,"date":"2016-04-07T11:39:19","date_gmt":"2016-04-07T17:39:19","guid":{"rendered":"http:\/\/www.futboltotal.com.mx\/?p=386568"},"modified":"2016-04-07T11:39:19","modified_gmt":"2016-04-07T17:39:19","slug":"arturo-vidal-fichaje-desea-conte-chelsea","status":"publish","type":"post","link":"http:\/\/desarrollo.grupomedios.com\/futbol\/futbol-internacional\/arturo-vidal-fichaje-desea-conte-chelsea\/2016\/04","title":{"rendered":"El Chelsea busca a su nuevo Lampard"},"content":{"rendered":"<p>Este lunes fue oficializado el acuerdo de\u00a0<strong>Antonio Conte<\/strong> como nuevo t\u00e9cnico del <strong>Chelsea<\/strong>, luego de que semanas atar\u00e1s se confirmara que no estar\u00eda con Italia m\u00e1s all\u00e1 de la Eurocopa 2016.<\/p>\n<p>Con su puesto ya confirmado en la <strong><span style=\"color: #3366ff;\"><a style=\"color: #3366ff;\" href=\"http:\/\/www.futboltotal.com.mx\/estadisticas\/estadisticas-liga-de-inglaterra\/\">Premier League<\/a><\/span><\/strong> con los <em>Blues<\/em>, es momento para <strong>Conte<\/strong> de valorar a los que ser\u00edan sus prioridades a fichar. El Chelsea quiere abrir la chequera para que la entidad vuelva a la \u00e9lite del <em>Viejo Continente<\/em> y la prensa inglesa hace eso este jueves del que es la m\u00e1xima prioridad para comprar en el verano: <strong>Arturo Vidal<\/strong>, quien por su recorrido y sobre todo, su olfato de gol, hacen recordar a una de las m\u00e1ximas glorias del club, Frank Lampard.<\/p>\n<p style=\"text-align: center;\"><strong><span style=\"color: #3366ff;\"><a style=\"color: #3366ff;\" href=\"http:\/\/www.futboltotal.com.mx\/2016\/04\/franck-ribery-terror-los-rivales\/\">LEER M\u00c1S: Franck Rib\u00e9ry, el terror de los rivales<\/a><\/span><\/strong><\/p>\n<p>&#8220;Es un jugador incre\u00edble. He de reconocer que en la Juve me lo encontr\u00e9 fichado. En mi cabeza quer\u00eda jugar con 4-2-4 y un 4-4-2; viendo como Vidal sub\u00eda y bajaba solo la intensidad del equipo, cambi\u00e9 al 4-3-3 que se transform\u00f3 luego en un 3-5-2&#8221;, califica Conte sobre su fichaje anhelado en una entrevista que public\u00f3 semanas atr\u00e1s el diario <em>El Pa\u00eds<\/em>.<\/p>\n<p>&#8220;Tiene unas cualidades f\u00edsicas y t\u00e9cnicas excepcionales, es extraordinario, si consiguiera controlarse un poco m\u00e1s ser\u00eda fant\u00e1stico. Yo le querr\u00eda en todos mis equipos&#8221;, abund\u00f3 Conte.<\/p>\n<p>El <em>Daily Mail<\/em> se\u00f1ala que es indiscutible para el Bayern Munich, equipo al que se sum\u00f3 la pasada temporada, aunque de manera constante ha sido ligado a la Premier y con la salida asegurada de Guardiola, <strong>Vidal<\/strong> har\u00eda las maletas con rumbo a\u00a0Stamford Bridge.<\/p>\n<p><a href=\"http:\/\/www.futboltotal.com.mx\/wp-content\/uploads\/2016\/04\/Arturo-Vidal-y-Franck-Rib\u00e9ry.jpg\" rel=\"attachment wp-att-386580\"><img decoding=\"async\" loading=\"lazy\" class=\"aligncenter wp-image-386580 size-full\" src=\"http:\/\/www.futboltotal.com.mx\/wp-content\/uploads\/2016\/04\/Arturo-Vidal-y-Franck-Rib\u00e9ry.jpg\" alt=\"Arturo Vidal y Franck Rib\u00e9ry\" srcset=\"http:\/\/desarrollo.grupomedios.com\/futbol\/wp-content\/uploads\/2016\/04\/Arturo-Vidal-y-Franck-Rib\u00e9ry.jpg 820w, http:\/\/desarrollo.grupomedios.com\/futbol\/wp-content\/uploads\/2016\/04\/Arturo-Vidal-y-Franck-Rib\u00e9ry-300x146.jpg 300w, http:\/\/desarrollo.grupomedios.com\/futbol\/wp-content\/uploads\/2016\/04\/Arturo-Vidal-y-Franck-Rib\u00e9ry-768x375.jpg 768w\" sizes=\"(max-width: 820px) 100vw, 820px\" \/><\/a><\/p>\n","protected":false},"excerpt":{"rendered":"<p>Antonio Conte tiene a un fichaje como su prioridad capital <\/p>\n","protected":false},"author":20,"featured_media":386579,"comment_status":"closed","ping_status":"closed","sticky":false,"template":"","format":"standard","meta":[],"categories":[3839,3846,5951],"tags":[2354,2962,5981],"_links":{"self":[{"href":"http:\/\/desarrollo.grupomedios.com\/futbol\/wp-json\/wp\/v2\/posts\/386568"}],"collection":[{"href":"http:\/\/desarrollo.grupomedios.com\/futbol\/wp-json\/wp\/v2\/posts"}],"about":[{"href":"http:\/\/desarrollo.grupomedios.com\/futbol\/wp-json\/wp\/v2\/types\/post"}],"author":[{"embeddable":true,"href":"http:\/\/desarrollo.grupomedios.com\/futbol\/wp-json\/wp\/v2\/users\/20"}],"replies":[{"embeddable":true,"href":"http:\/\/desarrollo.grupomedios.com\/futbol\/wp-json\/wp\/v2\/comments?post=386568"}],"version-history":[{"count":0,"href":"http:\/\/desarrollo.grupomedios.com\/futbol\/wp-json\/wp\/v2\/posts\/386568\/revisions"}],"wp:featuredmedia":[{"embeddable":true,"href":"http:\/\/desarrollo.grupomedios.com\/futbol\/wp-json\/wp\/v2\/media\/386579"}],"wp:attachment":[{"href":"http:\/\/desarrollo.grupomedios.com\/futbol\/wp-json\/wp\/v2\/media?parent=386568"}],"wp:term":[{"taxonomy":"category","embeddable":true,"href":"http:\/\/desarrollo.grupomedios.com\/futbol\/wp-json\/wp\/v2\/categories?post=386568"},{"taxonomy":"post_tag","embeddable":true,"href":"http:\/\/desarrollo.grupomedios.com\/futbol\/wp-json\/wp\/v2\/tags?post=386568"}],"curies":[{"name":"wp","href":"https:\/\/api.w.org\/{rel}","templated":true}]}}