{"id":386658,"date":"2016-04-07T15:46:53","date_gmt":"2016-04-07T21:46:53","guid":{"rendered":"http:\/\/www.futboltotal.com.mx\/?p=386658"},"modified":"2016-04-07T15:47:34","modified_gmt":"2016-04-07T21:47:34","slug":"jurgen-klopp-sonrisa-en-regreso-a-dortmund","status":"publish","type":"post","link":"http:\/\/desarrollo.grupomedios.com\/futbol\/futbol-internacional\/jurgen-klopp-sonrisa-en-regreso-a-dortmund\/2016\/04","title":{"rendered":"Jurgen Klopp, con sonrisa en regreso a Dortmund"},"content":{"rendered":"<p>El regreso de Jurgen Klopp a Dortmund se vivi\u00f3 de manera festiva, de la misma manera en la que se mostr\u00f3 el Liverpool en Signal Iduna Park, buscando el arco de enfrente antes que arrinconarse ante la porter\u00eda de Mignolet. La apuesta les result\u00f3 favorable.<\/p>\n<p><em>Los Reds<\/em> se llevaron un equilibrio importante para la vuelta (1-1) a resolverse en Anfield. Un gol de Origi fue suficiente para irse con una enorme sonrisa al descanso, pero la felicidad pudo ser mayor, lastimosamente el belga estrell\u00f3 su oportunidad en las manos de Weidenfeller. Saliendo del descanso Hummels empat\u00f3 pero fue insuficiente para dar la vuelta al marcador.<\/p>\n<p><a href=\"http:\/\/www.futboltotal.com.mx\/wp-content\/uploads\/2016\/04\/Mats-Hummels.jpg\" rel=\"attachment wp-att-386673\"><img decoding=\"async\" loading=\"lazy\" class=\"alignnone wp-image-386673 size-full\" src=\"http:\/\/www.futboltotal.com.mx\/wp-content\/uploads\/2016\/04\/Mats-Hummels.jpg\" alt=\"Mats Hummels\" srcset=\"http:\/\/desarrollo.grupomedios.com\/futbol\/wp-content\/uploads\/2016\/04\/Mats-Hummels.jpg 820w, http:\/\/desarrollo.grupomedios.com\/futbol\/wp-content\/uploads\/2016\/04\/Mats-Hummels-300x146.jpg 300w, http:\/\/desarrollo.grupomedios.com\/futbol\/wp-content\/uploads\/2016\/04\/Mats-Hummels-768x375.jpg 768w\" sizes=\"(max-width: 820px) 100vw, 820px\" \/><\/a><\/p>\n<p>El Sevilla se llev\u00f3 la victoria de San Mam\u00e9s (1-2), primera en lo que va de la campa\u00f1a en condici\u00f3n de visitante contando cualquier competencia. El\u00a0Athletic que deber\u00e1 apelar a la \u00e9pica para dar la vuelta a la eliminatoria. A pesar de que el conjunto rojiblanco se adelant\u00f3 en el marcador gracias a un remate de cabeza de Aduriz y sigue su periplo como m\u00e1ximo goleador, Kolodziejczak devolvi\u00f3 la\u00a0igualdad\u00a0tras recibir un gran pase de Banega.<\/p>\n<p>El tanto definitivo para el cuadro de Unai Emery lo anot\u00f3 Iborra a cinco minutos del final tras recibir un gran pase de Gameiro entre l\u00edneas. La principal mala noticia para el Sevilla fue que la tarjeta amarilla que vio Banega le impedir\u00e1 jugar el encuentro de vuelta. Adem\u00e1s, tambi\u00e9n se tuvo que retirar del campo lesionado Tr\u00e9moulinas.<\/p>\n<p><a href=\"http:\/\/www.futboltotal.com.mx\/wp-content\/uploads\/2016\/04\/Sevilla-gan\u00f3-en-la-Europa-League.jpg\" rel=\"attachment wp-att-386676\"><img decoding=\"async\" loading=\"lazy\" class=\"alignnone wp-image-386676 size-full\" src=\"http:\/\/www.futboltotal.com.mx\/wp-content\/uploads\/2016\/04\/Sevilla-gan\u00f3-en-la-Europa-League.jpg\" alt=\"Sevilla gan\u00f3 en la Europa League\" srcset=\"http:\/\/desarrollo.grupomedios.com\/futbol\/wp-content\/uploads\/2016\/04\/Sevilla-gan\u00f3-en-la-Europa-League.jpg 820w, http:\/\/desarrollo.grupomedios.com\/futbol\/wp-content\/uploads\/2016\/04\/Sevilla-gan\u00f3-en-la-Europa-League-300x146.jpg 300w, http:\/\/desarrollo.grupomedios.com\/futbol\/wp-content\/uploads\/2016\/04\/Sevilla-gan\u00f3-en-la-Europa-League-768x375.jpg 768w\" sizes=\"(max-width: 820px) 100vw, 820px\" \/><\/a><\/p>\n<p>Villarreal se qued\u00f3 corto ante el Sparta Praga al que dej\u00f3 vivo en la eliminatoria por su falta de punter\u00eda. Convirti\u00f3 en par de ocasiones gracias a\u00a0Bakambu, la primera de ellas un regalo del portero rival que espabil\u00f3 en el resto del encuentro sometido al constante ataque amarillo falto de finura final. Un segundo de falta de concentraci\u00f3n defensiva del Villarreal, le cost\u00f3 un gol en el tercer minuto de descuento del primer acto. El Sparta se march\u00f3 feliz de El Madrigal con la escasa desventaja, superado por el conjunto de Marcelino obligado a esmerarse en Praga.<\/p>\n<p><a href=\"http:\/\/www.futboltotal.com.mx\/wp-content\/uploads\/2016\/04\/Roberto-Soldado.jpg\" rel=\"attachment wp-att-386688\"><img decoding=\"async\" loading=\"lazy\" class=\"alignnone wp-image-386688 size-full\" src=\"http:\/\/www.futboltotal.com.mx\/wp-content\/uploads\/2016\/04\/Roberto-Soldado.jpg\" alt=\"Roberto Soldado\" srcset=\"http:\/\/desarrollo.grupomedios.com\/futbol\/wp-content\/uploads\/2016\/04\/Roberto-Soldado.jpg 820w, http:\/\/desarrollo.grupomedios.com\/futbol\/wp-content\/uploads\/2016\/04\/Roberto-Soldado-300x146.jpg 300w, http:\/\/desarrollo.grupomedios.com\/futbol\/wp-content\/uploads\/2016\/04\/Roberto-Soldado-768x375.jpg 768w\" sizes=\"(max-width: 820px) 100vw, 820px\" \/><\/a><\/p>\n<p>En el partido restante, Braga se llev\u00f3 una derrota ante el sorprendente Shakhtar, que busca un t\u00edtulo m\u00e1s de Europa League (1-2).<\/p>\n","protected":false},"excerpt":{"rendered":"<p>El t\u00e9cnico delos Reds acarici\u00f3 la gloria pero al final se llev\u00f3 un empate <\/p>\n","protected":false},"author":20,"featured_media":386665,"comment_status":"closed","ping_status":"closed","sticky":false,"template":"","format":"standard","meta":[],"categories":[3857,3839,5951],"tags":[6047,516,2863],"_links":{"self":[{"href":"http:\/\/desarrollo.grupomedios.com\/futbol\/wp-json\/wp\/v2\/posts\/386658"}],"collection":[{"href":"http:\/\/desarrollo.grupomedios.com\/futbol\/wp-json\/wp\/v2\/posts"}],"about":[{"href":"http:\/\/desarrollo.grupomedios.com\/futbol\/wp-json\/wp\/v2\/types\/post"}],"author":[{"embeddable":true,"href":"http:\/\/desarrollo.grupomedios.com\/futbol\/wp-json\/wp\/v2\/users\/20"}],"replies":[{"embeddable":true,"href":"http:\/\/desarrollo.grupomedios.com\/futbol\/wp-json\/wp\/v2\/comments?post=386658"}],"version-history":[{"count":0,"href":"http:\/\/desarrollo.grupomedios.com\/futbol\/wp-json\/wp\/v2\/posts\/386658\/revisions"}],"wp:featuredmedia":[{"embeddable":true,"href":"http:\/\/desarrollo.grupomedios.com\/futbol\/wp-json\/wp\/v2\/media\/386665"}],"wp:attachment":[{"href":"http:\/\/desarrollo.grupomedios.com\/futbol\/wp-json\/wp\/v2\/media?parent=386658"}],"wp:term":[{"taxonomy":"category","embeddable":true,"href":"http:\/\/desarrollo.grupomedios.com\/futbol\/wp-json\/wp\/v2\/categories?post=386658"},{"taxonomy":"post_tag","embeddable":true,"href":"http:\/\/desarrollo.grupomedios.com\/futbol\/wp-json\/wp\/v2\/tags?post=386658"}],"curies":[{"name":"wp","href":"https:\/\/api.w.org\/{rel}","templated":true}]}}