{"id":386702,"date":"2016-04-07T16:28:39","date_gmt":"2016-04-07T22:28:39","guid":{"rendered":"http:\/\/www.futboltotal.com.mx\/?p=386702"},"modified":"2016-04-07T16:31:04","modified_gmt":"2016-04-07T22:31:04","slug":"gullit-pena-la-deuda-chivas","status":"publish","type":"post","link":"http:\/\/desarrollo.grupomedios.com\/futbol\/futbol-mexicano\/gullit-pena-la-deuda-chivas\/2016\/04","title":{"rendered":"Gullit Pe\u00f1a, \u00bfla deuda de Chivas?"},"content":{"rendered":"<p>Despu\u00e9s de superar una ola de cr\u00edticas, <strong>Carlos Pe\u00f1a<\/strong> consigui\u00f3 cambiar los abucheos por aplausos, sin embargo, la pol\u00e9mica en torno al mediocampista no termina, pues en Le\u00f3n estar\u00edan molestos porque <strong><a href=\"http:\/\/futboltotal.com.mx\/equipos\/guadalajara\/\" target=\"_blank\">Chivas<\/a><\/strong> adeudar\u00eda dos pagos por la carta del jugador.<\/p>\n<p>De acuerdo con el diario <em>Cancha<\/em>, el <em>Reba\u00f1o Sagrado<\/em> s\u00f3lo hizo el primer pago de tres, pero ya habr\u00eda pasado un mes desde que tendr\u00eda que haberse hecho la segunda transacci\u00f3n.<\/p>\n<p style=\"text-align: center;\"><span style=\"color: #3366ff;\"><a style=\"color: #3366ff;\" href=\"http:\/\/www.futboltotal.com.mx\/2016\/04\/chofis-lopez-a-los-juegos-olimpicos\/\" target=\"_blank\"><strong>LEER M\u00c1S: Chofis L\u00f3pez, \u00bfa los Juegos Ol\u00edmpicos?<\/strong><\/a><\/span><\/p>\n<p>Ante este panorama, la directiva de la <em>Fiera<\/em> espera alguna explicaci\u00f3n por parte del Guadalajara, misma que no habr\u00eda llegado, lo cual ya empezar\u00eda a molestar en el conjunto <em>esmeralda<\/em>.<\/p>\n<p>M\u00e1s all\u00e1 de los temas extra cancha, <strong><em>Gullit<\/em> Pe\u00f1a<\/strong> se prepara junto al resto de <strong>Chivas<\/strong> para enfrentar al Puebla con miras a conseguir un triunfo que los meta de lleno en la pelea por un boleto a liguilla.<\/p>\n<p><span style=\"color: #ff0000;\"><strong>VIDEO<\/strong>: Agenda TV | Jornada 13 Clausura&lt; 2016<\/span>:<\/p>\n<p>[video_player]https:\/\/player.vimeo.com\/external\/161530649.hd.mp4?s=5eeb73e478691acf3b3b66a94a9bc7fc10383201&amp;profile_id=174[\/video_player]<\/p>\n","protected":false},"excerpt":{"rendered":"<p>El Reba\u00f1o Sagrado a\u00fan no habr\u00eda saldado el pago del jugador<\/p>\n","protected":false},"author":20,"featured_media":386705,"comment_status":"closed","ping_status":"closed","sticky":false,"template":"","format":"standard","meta":[],"categories":[2198,3845],"tags":[1781,70],"_links":{"self":[{"href":"http:\/\/desarrollo.grupomedios.com\/futbol\/wp-json\/wp\/v2\/posts\/386702"}],"collection":[{"href":"http:\/\/desarrollo.grupomedios.com\/futbol\/wp-json\/wp\/v2\/posts"}],"about":[{"href":"http:\/\/desarrollo.grupomedios.com\/futbol\/wp-json\/wp\/v2\/types\/post"}],"author":[{"embeddable":true,"href":"http:\/\/desarrollo.grupomedios.com\/futbol\/wp-json\/wp\/v2\/users\/20"}],"replies":[{"embeddable":true,"href":"http:\/\/desarrollo.grupomedios.com\/futbol\/wp-json\/wp\/v2\/comments?post=386702"}],"version-history":[{"count":0,"href":"http:\/\/desarrollo.grupomedios.com\/futbol\/wp-json\/wp\/v2\/posts\/386702\/revisions"}],"wp:featuredmedia":[{"embeddable":true,"href":"http:\/\/desarrollo.grupomedios.com\/futbol\/wp-json\/wp\/v2\/media\/386705"}],"wp:attachment":[{"href":"http:\/\/desarrollo.grupomedios.com\/futbol\/wp-json\/wp\/v2\/media?parent=386702"}],"wp:term":[{"taxonomy":"category","embeddable":true,"href":"http:\/\/desarrollo.grupomedios.com\/futbol\/wp-json\/wp\/v2\/categories?post=386702"},{"taxonomy":"post_tag","embeddable":true,"href":"http:\/\/desarrollo.grupomedios.com\/futbol\/wp-json\/wp\/v2\/tags?post=386702"}],"curies":[{"name":"wp","href":"https:\/\/api.w.org\/{rel}","templated":true}]}}