{"id":386891,"date":"2016-04-08T08:04:42","date_gmt":"2016-04-08T14:04:42","guid":{"rendered":"http:\/\/www.futboltotal.com.mx\/?p=386891"},"modified":"2016-04-08T08:08:08","modified_gmt":"2016-04-08T14:08:08","slug":"porto-prepara-cambio-drastico-en-la-plantilla","status":"publish","type":"post","link":"http:\/\/desarrollo.grupomedios.com\/futbol\/destacado-home\/porto-prepara-cambio-drastico-en-la-plantilla\/2016\/04","title":{"rendered":"Porto prepara un cambio dr\u00e1stico en la plantilla"},"content":{"rendered":"<p>La mediocre temporada que el <strong><span style=\"color: #3366ff;\"><a style=\"color: #3366ff;\" href=\"http:\/\/www.futboltotal.com.mx\/?s=PORTO\">Porto<\/a><\/span><\/strong> lleva hasta el momento ha provocado que tres t\u00e9cnicos hayan desfilado por el banquillo de los <em>Dragones<\/em>: Julen Lopetegui, Rui Barros (interino) y Jos\u00e9 Peseiro. Y se presume que en los pr\u00f3ximos meses la revoluci\u00f3n ser\u00e1 may\u00fascula. Entre los cambios no es segura la permanencia del actual estratega y parten como fundamentales los <strong>futbolistas mexicanos<\/strong>.<\/p>\n<p style=\"text-align: center;\"><strong><span style=\"color: #3366ff;\"><a style=\"color: #3366ff;\" href=\"http:\/\/www.futboltotal.com.mx\/2016\/04\/mexicanos-protagonistas-del-mercado-en-verano\/\">LEER M\u00c1S: Mexicanos, \u00bfprotagonistas del mercado de verano?<\/a><\/span><\/strong><\/p>\n<p>De acuerdo a <em>O Jogo<\/em>, es inminente una\u00a0renovaci\u00f3n en la plantilla, situaci\u00f3n\u00a0obligada por los malos resultados obtenidos en este a\u00f1o futbol\u00edstico. El rotativo expres\u00f3 que\u00a0se avecina\u00a0&#8220;una revoluci\u00f3n interna y cambios radicales&#8221; en el plantel, aunque si hay un par de hombres que se pretende mantener en el club son los aztecas: <strong>Jes\u00fas Tecatito Corona<\/strong> y <strong>H\u00e9ctor Herrera<\/strong>.<\/p>\n<p>En el caso de <strong>Tecatito Corona<\/strong>,\u00a0reci\u00e9n llegado al club y con actuaciones que ilusionan a la afici\u00f3n, la entidad no se valora una venta repentina a menos que la oferta sea inmejorable. Mientras tanto, por <strong>H\u00e9ctor Herrera<\/strong>, queda claro\u00a0que es\u00a0un referente de\u00a0la instituci\u00f3n, tal y como lo demuestra su capitan\u00eda en el presente curso y de no llegar una oferta por el total de su cl\u00e1usula de rescisi\u00f3n (40 millones de euros) permanecer\u00e1 con los <em>Dragones<\/em>.<\/p>\n<p style=\"text-align: center;\"><strong><span style=\"color: #3366ff;\"><a style=\"color: #3366ff;\" href=\"http:\/\/www.futboltotal.com.mx\/2016\/04\/porto-la-compra-miguel-layun\/\">LEER M\u00c1S: Porto comprar\u00eda a Lay\u00fan por m\u00ednima cifra<\/a><\/span><\/strong><\/p>\n<p style=\"text-align: left;\">En el caso de <strong>Miguel Lay\u00fan<\/strong>, <strong>Porto<\/strong> valora la opci\u00f3n de compra por siete millones de d\u00f3lares al Watford y, a pesar de su excelsa temporada, no es segura su permanencia en el club. Y es que\u00a0la entidad buscar\u00eda una venta si es una situaci\u00f3n que convenga a ambas partes, sobre todo, luego de que el mexicano fue vinculado con el Real Madrid.<\/p>\n","protected":false},"excerpt":{"rendered":"<p>Los futbolistas mexicanos, entre los m\u00e1s importantes para la revoluci\u00f3n <\/p>\n","protected":false},"author":20,"featured_media":386892,"comment_status":"closed","ping_status":"closed","sticky":false,"template":"","format":"standard","meta":[],"categories":[5,3839,6718],"tags":[5995,1035,1208,6045],"_links":{"self":[{"href":"http:\/\/desarrollo.grupomedios.com\/futbol\/wp-json\/wp\/v2\/posts\/386891"}],"collection":[{"href":"http:\/\/desarrollo.grupomedios.com\/futbol\/wp-json\/wp\/v2\/posts"}],"about":[{"href":"http:\/\/desarrollo.grupomedios.com\/futbol\/wp-json\/wp\/v2\/types\/post"}],"author":[{"embeddable":true,"href":"http:\/\/desarrollo.grupomedios.com\/futbol\/wp-json\/wp\/v2\/users\/20"}],"replies":[{"embeddable":true,"href":"http:\/\/desarrollo.grupomedios.com\/futbol\/wp-json\/wp\/v2\/comments?post=386891"}],"version-history":[{"count":0,"href":"http:\/\/desarrollo.grupomedios.com\/futbol\/wp-json\/wp\/v2\/posts\/386891\/revisions"}],"wp:featuredmedia":[{"embeddable":true,"href":"http:\/\/desarrollo.grupomedios.com\/futbol\/wp-json\/wp\/v2\/media\/386892"}],"wp:attachment":[{"href":"http:\/\/desarrollo.grupomedios.com\/futbol\/wp-json\/wp\/v2\/media?parent=386891"}],"wp:term":[{"taxonomy":"category","embeddable":true,"href":"http:\/\/desarrollo.grupomedios.com\/futbol\/wp-json\/wp\/v2\/categories?post=386891"},{"taxonomy":"post_tag","embeddable":true,"href":"http:\/\/desarrollo.grupomedios.com\/futbol\/wp-json\/wp\/v2\/tags?post=386891"}],"curies":[{"name":"wp","href":"https:\/\/api.w.org\/{rel}","templated":true}]}}