{"id":386931,"date":"2016-04-08T12:28:08","date_gmt":"2016-04-08T18:28:08","guid":{"rendered":"http:\/\/www.futboltotal.com.mx\/?p=386931"},"modified":"2016-04-08T12:34:49","modified_gmt":"2016-04-08T18:34:49","slug":"dia-nery-castillo-desobedecio-meter-gol","status":"publish","type":"post","link":"http:\/\/desarrollo.grupomedios.com\/futbol\/futbol-internacional\/dia-nery-castillo-desobedecio-meter-gol\/2016\/04","title":{"rendered":"El d\u00eda que Nery Castillo desobedeci\u00f3 para meter gol"},"content":{"rendered":"<p>Diez a\u00f1os atr\u00e1s <strong>Nery Castillo<\/strong> era un \u00eddolo en Grecia. Pronto sus aptitudes le abrieron un lugar con la <strong><span style=\"color: #3366ff;\"><a style=\"color: #3366ff;\" href=\"http:\/\/www.futboltotal.com.mx\/futbol-mexicano\/seleccion-mexicana\/\">Selecci\u00f3n Mexicana<\/a><\/span><\/strong> dirigida por Hugo S\u00e1nchez pero eso es otra historia. Sus episodios pol\u00e9micos fueron una constante en su carrera, mucho m\u00e1s que sus goles.<\/p>\n<p>Uno de tantos fue recordado este d\u00eda por la prensa griega, que record\u00f3 como un 8 de abril del 2006 <strong>Nery Castillo<\/strong> desobedeci\u00f3 para meter gol, un tanto intrascendente para una vapuleada del Olympiacos que fue uno de los dos que hizo por aquella temporada en la liga.<\/p>\n<p style=\"text-align: center;\"><strong><span style=\"color: #3366ff;\"><a style=\"color: #3366ff;\" href=\"http:\/\/www.futboltotal.com.mx\/2016\/04\/chicharito-hernandez-mexicano-magico\/\">LEER M\u00c1S: Chicharito, magia mexicana<\/a><\/span><\/strong><\/p>\n<p>El t\u00e9cnico en ese momento, Trond Sollied, ten\u00eda como el cobrador oficial al turco Erol Bulut pero a <strong>Nery Castillo<\/strong> no le import\u00f3 el decreto de vestidor y decidi\u00f3 probar suerte en el tiro libre. Con la barrera mal conformada, el mexicano aprovech\u00f3 para disparar con efecto y conseguir un tanto sencillo.<\/p>\n<p>Instantes despu\u00e9s sali\u00f3 corriendo como si fuera el gol del t\u00edtulo (en un duelo que ya iba 5-0), se quit\u00f3 la camisa y la regal\u00f3 a la tribuna, ante el previo enojo del entrenador y sus compa\u00f1eros que le recriminaron por dicha acci\u00f3n. Un d\u00eda despu\u00e9s se llev\u00f3 las portadas de los diarios y una d\u00e9cada despu\u00e9s, su acci\u00f3n resulta inolvidable, tal y como lo cuenta el diario <em>Reactivar<\/em> de Grecia.<\/p>\n<p><iframe loading=\"lazy\" src=\"https:\/\/www.youtube.com\/embed\/RnnGD4MaQhU\" frameborder=\"0\" allowfullscreen=\"allowfullscreen\"><\/iframe><\/p>\n","protected":false},"excerpt":{"rendered":"<p>La prensa griega revivi\u00f3 un episodio del mexicano <\/p>\n","protected":false},"author":20,"featured_media":386932,"comment_status":"closed","ping_status":"closed","sticky":false,"template":"","format":"standard","meta":[],"categories":[3839,6718,5951],"tags":[6030,6091],"_links":{"self":[{"href":"http:\/\/desarrollo.grupomedios.com\/futbol\/wp-json\/wp\/v2\/posts\/386931"}],"collection":[{"href":"http:\/\/desarrollo.grupomedios.com\/futbol\/wp-json\/wp\/v2\/posts"}],"about":[{"href":"http:\/\/desarrollo.grupomedios.com\/futbol\/wp-json\/wp\/v2\/types\/post"}],"author":[{"embeddable":true,"href":"http:\/\/desarrollo.grupomedios.com\/futbol\/wp-json\/wp\/v2\/users\/20"}],"replies":[{"embeddable":true,"href":"http:\/\/desarrollo.grupomedios.com\/futbol\/wp-json\/wp\/v2\/comments?post=386931"}],"version-history":[{"count":0,"href":"http:\/\/desarrollo.grupomedios.com\/futbol\/wp-json\/wp\/v2\/posts\/386931\/revisions"}],"wp:featuredmedia":[{"embeddable":true,"href":"http:\/\/desarrollo.grupomedios.com\/futbol\/wp-json\/wp\/v2\/media\/386932"}],"wp:attachment":[{"href":"http:\/\/desarrollo.grupomedios.com\/futbol\/wp-json\/wp\/v2\/media?parent=386931"}],"wp:term":[{"taxonomy":"category","embeddable":true,"href":"http:\/\/desarrollo.grupomedios.com\/futbol\/wp-json\/wp\/v2\/categories?post=386931"},{"taxonomy":"post_tag","embeddable":true,"href":"http:\/\/desarrollo.grupomedios.com\/futbol\/wp-json\/wp\/v2\/tags?post=386931"}],"curies":[{"name":"wp","href":"https:\/\/api.w.org\/{rel}","templated":true}]}}