{"id":386979,"date":"2016-04-08T14:59:55","date_gmt":"2016-04-08T20:59:55","guid":{"rendered":"http:\/\/www.futboltotal.com.mx\/?p=386979"},"modified":"2016-04-08T14:59:55","modified_gmt":"2016-04-08T20:59:55","slug":"dia-reus-se-puso-la-camiseta-del-liverpool","status":"publish","type":"post","link":"http:\/\/desarrollo.grupomedios.com\/futbol\/futbol-internacional\/dia-reus-se-puso-la-camiseta-del-liverpool\/2016\/04","title":{"rendered":"El d\u00eda que Reus se puso la camiseta del Liverpool"},"content":{"rendered":"<p>El jueves el duelo que se rob\u00f3 la tarde en la Europa League fue el <strong><span style=\"color: #3366ff;\"><a style=\"color: #3366ff;\" href=\"http:\/\/www.futboltotal.com.mx\/2016\/04\/jurgen-klopp-sonrisa-en-regreso-a-dortmund\/\">Borussia Dortmund vs. Liverpool<\/a><\/span><\/strong>. Dicho choque no decepcion\u00f3. Fue el\u00e9ctrico y vertiginoso, tanto como las cualidades de <strong>Marco Reus<\/strong>, quien se hizo viral por una foto que subi\u00f3 su ex compa\u00f1ero de equipo, <strong>Kevin Gro\u00dfkreutz<\/strong>, cuando 15 a\u00f1os atr\u00e1s ten\u00eda la el\u00e1stica de los <em>Reds<\/em> en pleno Signal Iduna Park.<\/p>\n<p style=\"text-align: center;\"><span style=\"color: #3366ff;\"><strong><a style=\"color: #3366ff;\" href=\"http:\/\/www.futboltotal.com.mx\/2016\/04\/dia-nery-castillo-desobedecio-meter-gol\/\">LEER M\u00c1S: El d\u00eda que Nery Castillo desobedeci\u00f3 para meter un gol\u00a0<\/a><\/strong><\/span><\/p>\n<blockquote class=\"instagram-media\" style=\"background: #FFF; border: 0; border-radius: 3px; box-shadow: 0 0 1px 0 rgba(0,0,0,0.5),0 1px 10px 0 rgba(0,0,0,0.15); margin: 1px; max-width: 658px; padding: 0; width: calc(100% - 2px);\" data-instgrm-captioned=\"\" data-instgrm-version=\"6\">\n<div style=\"padding: 8px;\">\n<div style=\"background: #F8F8F8; line-height: 0; margin-top: 40px; padding: 50.0% 0; text-align: center; width: 100%;\"><span style=\"color: #3366ff;\"><strong>\u00a0<\/strong><\/span><\/div>\n<p style=\"margin: 8px 0 0 0; padding: 0 4px;\"><a style=\"color: #000; font-family: Arial,sans-serif; font-size: 14px; font-style: normal; font-weight: normal; line-height: 17px; text-decoration: none; word-wrap: break-word;\" href=\"https:\/\/www.instagram.com\/p\/BD7whPXr8MG\/\" target=\"_blank\">@marcinho11 und ich als Einlaufkinder beim UEFA Cup Finale 2001 Liverpool &#8211; Alaves ??? Wahnsinn wie die Zeit vergeht??? wir kennen uns jetzt schon solange, aber @marcinho11 war einfach schon immer h\u00e4sslich.???? Ich war damals schon eine &#8220;geile Sau&#8221; ?????? #isso #wahnsinn #zeitvergeht #h\u00fcbsch #h\u00e4sslich #fische #ischso<\/a><\/p>\n<p style=\"color: #c9c8cd; font-family: Arial,sans-serif; font-size: 14px; line-height: 17px; margin-bottom: 0; margin-top: 8px; overflow: hidden; padding: 8px 0 7px; text-align: center; text-overflow: ellipsis; white-space: nowrap;\">Una foto publicada por Kevin (@fischkreutz) el <time style=\"font-family: Arial,sans-serif; font-size: 14px; line-height: 17px;\" datetime=\"2016-04-08T09:09:35+00:00\">8 de Abr de 2016 a la(s) 2:09 PDT<\/time><\/p>\n<\/div>\n<\/blockquote>\n<p><script src=\"\/\/platform.instagram.com\/en_US\/embeds.js\" async=\"\" defer=\"defer\"><\/script><\/p>\n<p>La raz\u00f3n fue que Kevin Gro\u00dfkreutz y Marco Reus partieron al campo como los acompa\u00f1anmtes de los futbolistas que se preparaban para disputar la final de Copa UEFA del 2001, a celebrarse entre Liverpool y Club Deportivo Alav\u00e9s, en la que se impusieron los ingleses con un inolvidable 5-4.<\/p>\n","protected":false},"excerpt":{"rendered":"<p>El alem\u00e1n jug\u00f3 ayer ante los Reds con el equipo de sus amores <\/p>\n","protected":false},"author":20,"featured_media":386981,"comment_status":"closed","ping_status":"closed","sticky":false,"template":"","format":"standard","meta":[],"categories":[5419,3857,3839,5951],"tags":[6047,516,5989,6095],"_links":{"self":[{"href":"http:\/\/desarrollo.grupomedios.com\/futbol\/wp-json\/wp\/v2\/posts\/386979"}],"collection":[{"href":"http:\/\/desarrollo.grupomedios.com\/futbol\/wp-json\/wp\/v2\/posts"}],"about":[{"href":"http:\/\/desarrollo.grupomedios.com\/futbol\/wp-json\/wp\/v2\/types\/post"}],"author":[{"embeddable":true,"href":"http:\/\/desarrollo.grupomedios.com\/futbol\/wp-json\/wp\/v2\/users\/20"}],"replies":[{"embeddable":true,"href":"http:\/\/desarrollo.grupomedios.com\/futbol\/wp-json\/wp\/v2\/comments?post=386979"}],"version-history":[{"count":0,"href":"http:\/\/desarrollo.grupomedios.com\/futbol\/wp-json\/wp\/v2\/posts\/386979\/revisions"}],"wp:featuredmedia":[{"embeddable":true,"href":"http:\/\/desarrollo.grupomedios.com\/futbol\/wp-json\/wp\/v2\/media\/386981"}],"wp:attachment":[{"href":"http:\/\/desarrollo.grupomedios.com\/futbol\/wp-json\/wp\/v2\/media?parent=386979"}],"wp:term":[{"taxonomy":"category","embeddable":true,"href":"http:\/\/desarrollo.grupomedios.com\/futbol\/wp-json\/wp\/v2\/categories?post=386979"},{"taxonomy":"post_tag","embeddable":true,"href":"http:\/\/desarrollo.grupomedios.com\/futbol\/wp-json\/wp\/v2\/tags?post=386979"}],"curies":[{"name":"wp","href":"https:\/\/api.w.org\/{rel}","templated":true}]}}