{"id":386988,"date":"2016-04-08T15:58:29","date_gmt":"2016-04-08T21:58:29","guid":{"rendered":"http:\/\/www.futboltotal.com.mx\/?p=386988"},"modified":"2016-04-08T16:00:34","modified_gmt":"2016-04-08T22:00:34","slug":"moises-munoz-presume-lavadero","status":"publish","type":"post","link":"http:\/\/desarrollo.grupomedios.com\/futbol\/no-todo-es-futbol\/moises-munoz-presume-lavadero\/2016\/04","title":{"rendered":"Mois\u00e9s Mu\u00f1oz presume su \u201clavadero\u201d"},"content":{"rendered":"<p>Durante a\u00f1os el portero del <strong><a href=\"http:\/\/futboltotal.com.mx\/equipos\/america\/\" target=\"_blank\">Am\u00e9rica<\/a><\/strong>, <strong>Mois\u00e9s Mu\u00f1oz<\/strong>, ha sido objeto de burlas por su supuesto sobrepeso, situaci\u00f3n que se acab\u00f3 este viernes luego que el cancerbero presumiera su \u201clavadero\u201d.<\/p>\n<p>Por medio de redes sociales, Ver\u00f3nica Castro, pareja del jugador, comparti\u00f3 una imagen en la que luce el arquero luego de terminar de ejercitarse.<\/p>\n<blockquote class=\"twitter-tweet\" data-lang=\"es\">\n<p dir=\"ltr\" lang=\"es\">Te Amo Guapo!!!! ??? <a href=\"https:\/\/twitter.com\/MoyMu23\">@MoyMu23<\/a> <a href=\"https:\/\/twitter.com\/hashtag\/palacefit?src=hash\">#palacefit<\/a> <a href=\"https:\/\/t.co\/z7av7kjjgr\">pic.twitter.com\/z7av7kjjgr<\/a><\/p>\n<p>\u2014 Veronica Castro (@VeroCastro8) <a href=\"https:\/\/twitter.com\/VeroCastro8\/status\/718518952373014528\">8 de abril de 2016<\/a><\/p><\/blockquote>\n<p><script src=\"\/\/platform.twitter.com\/widgets.js\" async=\"\" charset=\"utf-8\"><\/script><\/p>\n<p>La fotograf\u00eda de inmediato provoc\u00f3 diversas opiniones, unas en las que aplaud\u00edan el f\u00edsico de <strong>Mois\u00e9s Mu\u00f1oz<\/strong> mientras que otros segu\u00edan con las bromas.<\/p>\n<p>M\u00e1s all\u00e1 de lo extra cancha, el portero buscar\u00e1 recuperar la titularidad en la meta de las <em>\u00c1guilas<\/em>, misma que perdi\u00f3 en jornadas reciente ante su compa\u00f1ero Hugo Gonz\u00e1lez.<\/p>\n<p><span style=\"color: #ff0000;\"><strong>VIDEO<\/strong>: Agenda TV | Jornada 13 Clausura 2016<\/span>:<br \/>\n[video_player]https:\/\/player.vimeo.com\/external\/161530649.hd.mp4?s=5eeb73e478691acf3b3b66a94a9bc7fc10383201&amp;profile_id=174[\/video_player]<\/p>\n","protected":false},"excerpt":{"rendered":"<p>El portero acab\u00f3 con el mito de su sobrepeso <\/p>\n","protected":false},"author":20,"featured_media":386989,"comment_status":"closed","ping_status":"closed","sticky":false,"template":"","format":"standard","meta":[],"categories":[5419,5418],"tags":[5959,635],"_links":{"self":[{"href":"http:\/\/desarrollo.grupomedios.com\/futbol\/wp-json\/wp\/v2\/posts\/386988"}],"collection":[{"href":"http:\/\/desarrollo.grupomedios.com\/futbol\/wp-json\/wp\/v2\/posts"}],"about":[{"href":"http:\/\/desarrollo.grupomedios.com\/futbol\/wp-json\/wp\/v2\/types\/post"}],"author":[{"embeddable":true,"href":"http:\/\/desarrollo.grupomedios.com\/futbol\/wp-json\/wp\/v2\/users\/20"}],"replies":[{"embeddable":true,"href":"http:\/\/desarrollo.grupomedios.com\/futbol\/wp-json\/wp\/v2\/comments?post=386988"}],"version-history":[{"count":0,"href":"http:\/\/desarrollo.grupomedios.com\/futbol\/wp-json\/wp\/v2\/posts\/386988\/revisions"}],"wp:featuredmedia":[{"embeddable":true,"href":"http:\/\/desarrollo.grupomedios.com\/futbol\/wp-json\/wp\/v2\/media\/386989"}],"wp:attachment":[{"href":"http:\/\/desarrollo.grupomedios.com\/futbol\/wp-json\/wp\/v2\/media?parent=386988"}],"wp:term":[{"taxonomy":"category","embeddable":true,"href":"http:\/\/desarrollo.grupomedios.com\/futbol\/wp-json\/wp\/v2\/categories?post=386988"},{"taxonomy":"post_tag","embeddable":true,"href":"http:\/\/desarrollo.grupomedios.com\/futbol\/wp-json\/wp\/v2\/tags?post=386988"}],"curies":[{"name":"wp","href":"https:\/\/api.w.org\/{rel}","templated":true}]}}