{"id":387032,"date":"2016-04-08T19:27:36","date_gmt":"2016-04-09T01:27:36","guid":{"rendered":"http:\/\/www.futboltotal.com.mx\/?p=387032"},"modified":"2016-04-08T19:27:36","modified_gmt":"2016-04-09T01:27:36","slug":"los-memes-perdonan-a-moises-munoz","status":"publish","type":"post","link":"http:\/\/desarrollo.grupomedios.com\/futbol\/galerias\/los-memes-perdonan-a-moises-munoz\/2016\/04","title":{"rendered":"Los Memes no perdonan a Mois\u00e9s Mu\u00f1oz"},"content":{"rendered":"<p><strong>Mois\u00e9s Mu\u00f1oz<\/strong> acapar\u00f3 los reflectores y no fue por alguna atajada, sino por <a href=\"http:\/\/www.futboltotal.com.mx\/2016\/04\/moises-munoz-presume-lavadero\/\" target=\"_blank\">una foto en la cual demuestra que no tiene sobrepeso<\/a>, tema del cual se burlaron durante a\u00f1os en redes sociales. A pesar de ense\u00f1ar\u00a0su lado atl\u00e9tico, los <strong>Memes<\/strong> no lo perdonaron.<\/p>\n<div id=\"gallerywDh\" style=\"display:none;\"><img alt=\"\" src=\"http:\/\/desarrollo.grupomedios.com\/futbol\/wp-content\/uploads\/2016\/04\/memes-moises-munoz-1.jpg\" data-image=\"http:\/\/desarrollo.grupomedios.com\/futbol\/wp-content\/uploads\/2016\/04\/memes-moises-munoz-1.jpg\" data-description=\"memes-moises-munoz-1\"><img alt=\"\" src=\"http:\/\/desarrollo.grupomedios.com\/futbol\/wp-content\/uploads\/2016\/04\/memes-moises-munoz-2.jpg\" data-image=\"http:\/\/desarrollo.grupomedios.com\/futbol\/wp-content\/uploads\/2016\/04\/memes-moises-munoz-2.jpg\" data-description=\"memes-moises-munoz-2\"><img alt=\"\" src=\"http:\/\/desarrollo.grupomedios.com\/futbol\/wp-content\/uploads\/2016\/04\/memes-moises-munoz-3.jpg\" data-image=\"http:\/\/desarrollo.grupomedios.com\/futbol\/wp-content\/uploads\/2016\/04\/memes-moises-munoz-3.jpg\" data-description=\"memes-moises-munoz-3\"><img alt=\"\" src=\"http:\/\/desarrollo.grupomedios.com\/futbol\/wp-content\/uploads\/2016\/04\/memes-moises-munoz-4.jpg\" data-image=\"http:\/\/desarrollo.grupomedios.com\/futbol\/wp-content\/uploads\/2016\/04\/memes-moises-munoz-4.jpg\" data-description=\"memes-moises-munoz-4\"><img alt=\"\" src=\"http:\/\/desarrollo.grupomedios.com\/futbol\/wp-content\/uploads\/2016\/04\/memes-moises-munoz-5.jpg\" data-image=\"http:\/\/desarrollo.grupomedios.com\/futbol\/wp-content\/uploads\/2016\/04\/memes-moises-munoz-5.jpg\" data-description=\"memes-moises-munoz-5\"><img alt=\"\" src=\"http:\/\/desarrollo.grupomedios.com\/futbol\/wp-content\/uploads\/2016\/04\/memes-moises-munoz-6.jpg\" data-image=\"http:\/\/desarrollo.grupomedios.com\/futbol\/wp-content\/uploads\/2016\/04\/memes-moises-munoz-6.jpg\" data-description=\"memes-moises-munoz-6\"><img alt=\"\" src=\"http:\/\/desarrollo.grupomedios.com\/futbol\/wp-content\/uploads\/2016\/04\/memes-moises-munoz-7.jpg\" data-image=\"http:\/\/desarrollo.grupomedios.com\/futbol\/wp-content\/uploads\/2016\/04\/memes-moises-munoz-7.jpg\" data-description=\"memes-moises-munoz-7\"><img alt=\"\" src=\"http:\/\/desarrollo.grupomedios.com\/futbol\/wp-content\/uploads\/2016\/04\/memes-moises-munoz-8.jpg\" data-image=\"http:\/\/desarrollo.grupomedios.com\/futbol\/wp-content\/uploads\/2016\/04\/memes-moises-munoz-8.jpg\" data-description=\"memes-moises-munoz-8\"><img alt=\"\" src=\"http:\/\/desarrollo.grupomedios.com\/futbol\/wp-content\/uploads\/2016\/04\/memes-moises-munoz-9.jpg\" data-image=\"http:\/\/desarrollo.grupomedios.com\/futbol\/wp-content\/uploads\/2016\/04\/memes-moises-munoz-9.jpg\" data-description=\"memes-moises-munoz-9\"><img alt=\"\" src=\"http:\/\/desarrollo.grupomedios.com\/futbol\/wp-content\/uploads\/2016\/04\/memes-moises-munoz-10.jpg\" data-image=\"http:\/\/desarrollo.grupomedios.com\/futbol\/wp-content\/uploads\/2016\/04\/memes-moises-munoz-10.jpg\" data-description=\"memes-moises-munoz-10\"><\/div>\n        <script>\n        \/\/galeria 1\n        jQuery(document).ready(function(){ \n            var api;\n            api = jQuery(\"#gallerywDh\").unitegallery({\n                carousel_autoplay: false\n            }); \n        });\n        <\/script>\n        \n","protected":false},"excerpt":{"rendered":"<p>En redes sociales se burlaron del portero del Am\u00e9rica <\/p>\n","protected":false},"author":20,"featured_media":387043,"comment_status":"closed","ping_status":"closed","sticky":false,"template":"","format":"standard","meta":[],"categories":[2198,3,3845,6409],"tags":[5959,4949,635],"_links":{"self":[{"href":"http:\/\/desarrollo.grupomedios.com\/futbol\/wp-json\/wp\/v2\/posts\/387032"}],"collection":[{"href":"http:\/\/desarrollo.grupomedios.com\/futbol\/wp-json\/wp\/v2\/posts"}],"about":[{"href":"http:\/\/desarrollo.grupomedios.com\/futbol\/wp-json\/wp\/v2\/types\/post"}],"author":[{"embeddable":true,"href":"http:\/\/desarrollo.grupomedios.com\/futbol\/wp-json\/wp\/v2\/users\/20"}],"replies":[{"embeddable":true,"href":"http:\/\/desarrollo.grupomedios.com\/futbol\/wp-json\/wp\/v2\/comments?post=387032"}],"version-history":[{"count":0,"href":"http:\/\/desarrollo.grupomedios.com\/futbol\/wp-json\/wp\/v2\/posts\/387032\/revisions"}],"wp:featuredmedia":[{"embeddable":true,"href":"http:\/\/desarrollo.grupomedios.com\/futbol\/wp-json\/wp\/v2\/media\/387043"}],"wp:attachment":[{"href":"http:\/\/desarrollo.grupomedios.com\/futbol\/wp-json\/wp\/v2\/media?parent=387032"}],"wp:term":[{"taxonomy":"category","embeddable":true,"href":"http:\/\/desarrollo.grupomedios.com\/futbol\/wp-json\/wp\/v2\/categories?post=387032"},{"taxonomy":"post_tag","embeddable":true,"href":"http:\/\/desarrollo.grupomedios.com\/futbol\/wp-json\/wp\/v2\/tags?post=387032"}],"curies":[{"name":"wp","href":"https:\/\/api.w.org\/{rel}","templated":true}]}}