{"id":387106,"date":"2016-04-09T09:24:01","date_gmt":"2016-04-09T15:24:01","guid":{"rendered":"http:\/\/www.futboltotal.com.mx\/?p=387106"},"modified":"2016-04-09T09:48:28","modified_gmt":"2016-04-09T15:48:28","slug":"marco-fabian-la-maldicion-del-descenso","status":"publish","type":"post","link":"http:\/\/desarrollo.grupomedios.com\/futbol\/destacado-home\/marco-fabian-la-maldicion-del-descenso\/2016\/04","title":{"rendered":"Marco Fabi\u00e1n y la maldici\u00f3n del descenso"},"content":{"rendered":"<p>Para <strong>Marco Fabi\u00e1n<\/strong> el presente es gris. Tras dos partidos sin contar con minutos desde la llegada del estratega croata Niko Kovac, la tercera\u00a0presentaci\u00f3n\u00a0fue la vencida, sin embargo, todo va encaminado a una pesadilla en su periplo europeo.<\/p>\n<p>En la semana el que acapar\u00f3 portadas a nivel nacional fue la supuesta ausencia de <strong>Marco Fabi\u00e1n<\/strong> con el Eintracht Frankfurt por racismo, situaci\u00f3n que d\u00edas despu\u00e9s el propio futbolista indic\u00f3 que no era la raz\u00f3n. Este s\u00e1bado, en duelo directo en la lucha por la permanencia, permaneci\u00f3 en la banca hasta el minuto 76 y poco pudo hacer para evitar la derrota ante el Hoffenheim, que se alej\u00f3 a cuatro unidades de las \u00c1guilas.<\/p>\n<p style=\"text-align: center;\"><strong><span style=\"color: #3366ff;\"><a style=\"color: #3366ff;\" href=\"http:\/\/www.futboltotal.com.mx\/2016\/04\/marco-fabian-mexicanos-descendieron-en-europa\/\">LEER M\u00c1S: Marco Fabi\u00e1n&#8230;mexicanos que descendieron en Europa<\/a><\/span><\/strong><\/p>\n<p>El duelo se resolvi\u00f3 en dos jugadas: el primer gol lleg\u00f3 por un chispazo de talento y el segundo y definitivo por un error enorme del guardameta Hradecky. Nadiem Amiri al 62 en un contra el\u00e9ctrica cruz\u00f3 su disparo para mover el marcador y al final, tras un desborde en el minuto 90, Uth aprovech\u00f3 una pifia del arquero local para mecer las redes y poner el tanto de la sentencia.<\/p>\n<p>Con ello la situaci\u00f3n est\u00e1 que arde para<strong> Marco Fabi\u00e1n<\/strong> y sus compa\u00f1eros, que permanece en la pen\u00faltima posici\u00f3n sumando 27 unidades y con el Hoffenheim a cuatro puntos de distancia. M\u00e1s cerca aparece Werder Bremen (28) y Aubsburgo (30). Restan cinco jornadas y todo parece indicar que <em>Marquito<\/em> se fue de Chivas para librar el descenso pero cay\u00f3 en un hoyo imposible de eludir.\u00a0<a href=\"http:\/\/www.futboltotal.com.mx\/wp-content\/uploads\/2016\/04\/Tabla-de-posiciones-Bundesliga.png\" rel=\"attachment wp-att-387109\"><img decoding=\"async\" loading=\"lazy\" class=\"alignnone wp-image-387109 size-full\" src=\"http:\/\/www.futboltotal.com.mx\/wp-content\/uploads\/2016\/04\/Tabla-de-posiciones-Bundesliga.png\" alt=\"Tabla de posiciones Bundesliga\" srcset=\"http:\/\/desarrollo.grupomedios.com\/futbol\/wp-content\/uploads\/2016\/04\/Tabla-de-posiciones-Bundesliga.png 852w, http:\/\/desarrollo.grupomedios.com\/futbol\/wp-content\/uploads\/2016\/04\/Tabla-de-posiciones-Bundesliga-300x221.png 300w, http:\/\/desarrollo.grupomedios.com\/futbol\/wp-content\/uploads\/2016\/04\/Tabla-de-posiciones-Bundesliga-768x566.png 768w\" sizes=\"(max-width: 852px) 100vw, 852px\" \/><\/a><\/p>\n<p>&nbsp;<\/p>\n<p>&nbsp;<\/p>\n","protected":false},"excerpt":{"rendered":"<p>Dej\u00f3 Chivas para cumplir su sue\u00f1o europeo; de momento se transforma en pesadilla <\/p>\n","protected":false},"author":20,"featured_media":387112,"comment_status":"closed","ping_status":"closed","sticky":false,"template":"","format":"standard","meta":[],"categories":[5,3839,6822],"tags":[119,3588,131],"_links":{"self":[{"href":"http:\/\/desarrollo.grupomedios.com\/futbol\/wp-json\/wp\/v2\/posts\/387106"}],"collection":[{"href":"http:\/\/desarrollo.grupomedios.com\/futbol\/wp-json\/wp\/v2\/posts"}],"about":[{"href":"http:\/\/desarrollo.grupomedios.com\/futbol\/wp-json\/wp\/v2\/types\/post"}],"author":[{"embeddable":true,"href":"http:\/\/desarrollo.grupomedios.com\/futbol\/wp-json\/wp\/v2\/users\/20"}],"replies":[{"embeddable":true,"href":"http:\/\/desarrollo.grupomedios.com\/futbol\/wp-json\/wp\/v2\/comments?post=387106"}],"version-history":[{"count":0,"href":"http:\/\/desarrollo.grupomedios.com\/futbol\/wp-json\/wp\/v2\/posts\/387106\/revisions"}],"wp:featuredmedia":[{"embeddable":true,"href":"http:\/\/desarrollo.grupomedios.com\/futbol\/wp-json\/wp\/v2\/media\/387112"}],"wp:attachment":[{"href":"http:\/\/desarrollo.grupomedios.com\/futbol\/wp-json\/wp\/v2\/media?parent=387106"}],"wp:term":[{"taxonomy":"category","embeddable":true,"href":"http:\/\/desarrollo.grupomedios.com\/futbol\/wp-json\/wp\/v2\/categories?post=387106"},{"taxonomy":"post_tag","embeddable":true,"href":"http:\/\/desarrollo.grupomedios.com\/futbol\/wp-json\/wp\/v2\/tags?post=387106"}],"curies":[{"name":"wp","href":"https:\/\/api.w.org\/{rel}","templated":true}]}}