{"id":387116,"date":"2016-04-09T10:07:45","date_gmt":"2016-04-09T16:07:45","guid":{"rendered":"http:\/\/www.futboltotal.com.mx\/?p=387116"},"modified":"2016-04-09T10:09:39","modified_gmt":"2016-04-09T16:09:39","slug":"james-rodriguez-regresa-al-gol","status":"publish","type":"post","link":"http:\/\/desarrollo.grupomedios.com\/futbol\/videos\/james-rodriguez-regresa-al-gol\/2016\/04","title":{"rendered":"James Rodr\u00edguez regresa al gol y, \u00a1vaya con qu\u00e9 joya!"},"content":{"rendered":"<p>Desde el 13 de febrero <strong>James Rodr\u00edguez<\/strong> no celebraba gol en Liga. No es que haya jugado muchos minutos pero al colombiano ya le hac\u00eda falta un gol. El \u00faltimo que hizo en el certamen local fue ante el Athletic de Bilbao desde afuera del \u00e1rea. Esa fue la f\u00f3rmula para su gol del s\u00e1bado, en el balc\u00f3n del \u00e1rea grande y de tiro libre.<\/p>\n<blockquote class=\"twitter-tweet\" data-lang=\"es\">\n<p dir=\"ltr\" lang=\"es\">As\u00ed se cant\u00f3 en <a href=\"https:\/\/twitter.com\/Marcador\">@Marcador<\/a> de <a href=\"https:\/\/twitter.com\/radiomarca\">@radiomarca<\/a> el golazo de <a href=\"https:\/\/twitter.com\/jamesdrodriguez\">@jamesdrodriguez<\/a> ante el Eibar<a href=\"https:\/\/t.co\/Nc6baZhFaq\">https:\/\/t.co\/Nc6baZhFaq<\/a><\/p>\n<p>\u2014 MARCA (@marca) <a href=\"https:\/\/twitter.com\/marca\/status\/718818453642018816\">9 de abril de 2016<\/a><\/p><\/blockquote>\n<p><script src=\"\/\/platform.twitter.com\/widgets.js\" async=\"\" charset=\"utf-8\"><\/script><\/p>\n<p style=\"text-align: center;\"><span style=\"color: #3366ff;\"><strong><a style=\"color: #3366ff;\" href=\"http:\/\/www.futboltotal.com.mx\/2016\/04\/danilo-humilla-cano-a-cristiano\/\">LEER M\u00c1S: Danilo humilla con ca\u00f1o a Cristiano<\/a><\/strong><\/span><\/p>\n<p><strong>James Rodr\u00edguez<\/strong> rob\u00f3 la oportunidad de ensayar a Cristiano y la coloc\u00f3 esquinada para hacer imposible el lance de Asier Riesgo y abrir el marcador apenas al minuto 5. El \u00faltimo tanto del <em>cafetalero<\/em> lleg\u00f3 ante la Roma, un mes atr\u00e1s (8 de abril del 2016) en Champions League.<\/p>\n<p><iframe loading=\"lazy\" src=\"https:\/\/www.youtube.com\/embed\/0xLDApcG9CA\" frameborder=\"0\" allowfullscreen=\"allowfullscreen\"><\/iframe><\/p>\n","protected":false},"excerpt":{"rendered":"<p>El colombiano le quit\u00f3 el tiro libre a Cristiano y festej\u00f3 con locura <\/p>\n","protected":false},"author":20,"featured_media":387117,"comment_status":"closed","ping_status":"closed","sticky":false,"template":"","format":"standard","meta":[],"categories":[3839,3844,4],"tags":[6082,5988],"_links":{"self":[{"href":"http:\/\/desarrollo.grupomedios.com\/futbol\/wp-json\/wp\/v2\/posts\/387116"}],"collection":[{"href":"http:\/\/desarrollo.grupomedios.com\/futbol\/wp-json\/wp\/v2\/posts"}],"about":[{"href":"http:\/\/desarrollo.grupomedios.com\/futbol\/wp-json\/wp\/v2\/types\/post"}],"author":[{"embeddable":true,"href":"http:\/\/desarrollo.grupomedios.com\/futbol\/wp-json\/wp\/v2\/users\/20"}],"replies":[{"embeddable":true,"href":"http:\/\/desarrollo.grupomedios.com\/futbol\/wp-json\/wp\/v2\/comments?post=387116"}],"version-history":[{"count":0,"href":"http:\/\/desarrollo.grupomedios.com\/futbol\/wp-json\/wp\/v2\/posts\/387116\/revisions"}],"wp:featuredmedia":[{"embeddable":true,"href":"http:\/\/desarrollo.grupomedios.com\/futbol\/wp-json\/wp\/v2\/media\/387117"}],"wp:attachment":[{"href":"http:\/\/desarrollo.grupomedios.com\/futbol\/wp-json\/wp\/v2\/media?parent=387116"}],"wp:term":[{"taxonomy":"category","embeddable":true,"href":"http:\/\/desarrollo.grupomedios.com\/futbol\/wp-json\/wp\/v2\/categories?post=387116"},{"taxonomy":"post_tag","embeddable":true,"href":"http:\/\/desarrollo.grupomedios.com\/futbol\/wp-json\/wp\/v2\/tags?post=387116"}],"curies":[{"name":"wp","href":"https:\/\/api.w.org\/{rel}","templated":true}]}}