{"id":387136,"date":"2016-04-09T12:12:06","date_gmt":"2016-04-09T18:12:06","guid":{"rendered":"http:\/\/www.futboltotal.com.mx\/?p=387136"},"modified":"2016-04-09T12:15:46","modified_gmt":"2016-04-09T18:15:46","slug":"diego-ramirez-critica-las-transmisiones-tv-azteca","status":"publish","type":"post","link":"http:\/\/desarrollo.grupomedios.com\/futbol\/destacado-home\/diego-ramirez-critica-las-transmisiones-tv-azteca\/2016\/04","title":{"rendered":"\u00a1Critican los viernes de futbol por TV Azteca!"},"content":{"rendered":"<p>Los viernes de futbol no le agradan a todo mundo. Bueno, al menos en las transmisiones que lleva a cabo <strong>TV Azteca<\/strong>. En el af\u00e1n por atraer m\u00e1s publico a las emisiones de futbol por la noche de viernes, la televisora del Ajusco se ha encargado de dar m\u00e1s peso a la interacci\u00f3n en redes sociales con sus fans y de paso, mediante el llamado <strong>&#8220;Viernes Botanero&#8221;<\/strong> hablar de comida u otras cosas para hacer m\u00e1s emp\u00e1tica la transmisi\u00f3n.<\/p>\n<p style=\"text-align: center;\"><strong><span style=\"color: #3366ff;\"><a style=\"color: #3366ff;\" href=\"http:\/\/www.futboltotal.com.mx\/2016\/04\/los-memes-perdonan-a-moises-munoz\/\">LEER M\u00c1S: Los memes no perdonan a Mois\u00e9s Mu\u00f1oz<\/a><\/span><\/strong><\/p>\n<p>A los amantes del futbol no les gusta para nada esta din\u00e1mica. El que explot\u00f3 el viernes fue <strong>Diego Ram\u00edrez<\/strong>, que por medio de su Twitter mostr\u00f3 su descontento con <strong>TV Azteca<\/strong> por la manera en la que comentan los partidos, pues ya es poco o nulo el an\u00e1lisis o los conceptos futbol\u00edsticos que se manejan.<\/p>\n<blockquote class=\"twitter-tweet\" data-lang=\"es\">\n<p dir=\"ltr\" lang=\"und\"><a href=\"https:\/\/t.co\/VQQZkAV2ln\">pic.twitter.com\/VQQZkAV2ln<\/a><\/p>\n<p>\u2014 DIEGO RAMIREZ (@DIRADE_81) <a href=\"https:\/\/twitter.com\/DIRADE_81\/status\/718657570055950337\">9 de abril de 2016<\/a><\/p><\/blockquote>\n<p><script src=\"\/\/platform.twitter.com\/widgets.js\" async=\"\" charset=\"utf-8\"><\/script><\/p>\n<p><strong>Diego Ram\u00edrez<\/strong>, auxiliar de Miguel Herrera con Tijuana y en su etapa con la Selecci\u00f3n Mexiana e hijo del campe\u00f3n del Mundo Sub 17 (2005), Jes\u00fas Ram\u00edrez, fue objetivo y se dijo molesto por hablar de comida, fotos antiguas (por las din\u00e1micas empleadas en la transmisi\u00f3n) o inyecciones (aludiendo a la ocasi\u00f3n que pasaron un tratamiento para calmar el dolor de Marco Fabi\u00e1n).<\/p>\n","protected":false},"excerpt":{"rendered":"<p>No hay an\u00e1lisis en televisi\u00f3n&#8230;les importa m\u00e1s la comida u otras cosas <\/p>\n","protected":false},"author":20,"featured_media":387137,"comment_status":"closed","ping_status":"closed","sticky":false,"template":"","format":"standard","meta":[],"categories":[5419,5,2198,3845],"tags":[6986,255,5974,4665],"_links":{"self":[{"href":"http:\/\/desarrollo.grupomedios.com\/futbol\/wp-json\/wp\/v2\/posts\/387136"}],"collection":[{"href":"http:\/\/desarrollo.grupomedios.com\/futbol\/wp-json\/wp\/v2\/posts"}],"about":[{"href":"http:\/\/desarrollo.grupomedios.com\/futbol\/wp-json\/wp\/v2\/types\/post"}],"author":[{"embeddable":true,"href":"http:\/\/desarrollo.grupomedios.com\/futbol\/wp-json\/wp\/v2\/users\/20"}],"replies":[{"embeddable":true,"href":"http:\/\/desarrollo.grupomedios.com\/futbol\/wp-json\/wp\/v2\/comments?post=387136"}],"version-history":[{"count":0,"href":"http:\/\/desarrollo.grupomedios.com\/futbol\/wp-json\/wp\/v2\/posts\/387136\/revisions"}],"wp:featuredmedia":[{"embeddable":true,"href":"http:\/\/desarrollo.grupomedios.com\/futbol\/wp-json\/wp\/v2\/media\/387137"}],"wp:attachment":[{"href":"http:\/\/desarrollo.grupomedios.com\/futbol\/wp-json\/wp\/v2\/media?parent=387136"}],"wp:term":[{"taxonomy":"category","embeddable":true,"href":"http:\/\/desarrollo.grupomedios.com\/futbol\/wp-json\/wp\/v2\/categories?post=387136"},{"taxonomy":"post_tag","embeddable":true,"href":"http:\/\/desarrollo.grupomedios.com\/futbol\/wp-json\/wp\/v2\/tags?post=387136"}],"curies":[{"name":"wp","href":"https:\/\/api.w.org\/{rel}","templated":true}]}}