{"id":387141,"date":"2016-04-09T13:03:11","date_gmt":"2016-04-09T19:03:11","guid":{"rendered":"http:\/\/www.futboltotal.com.mx\/?p=387141"},"modified":"2016-04-09T13:03:11","modified_gmt":"2016-04-09T19:03:11","slug":"moises-munoz-se-lesiona-america-sub-20","status":"publish","type":"post","link":"http:\/\/desarrollo.grupomedios.com\/futbol\/futbol-mexicano\/moises-munoz-se-lesiona-america-sub-20\/2016\/04","title":{"rendered":"\u00a1Otro duro golpe para Mois\u00e9s Mu\u00f1oz!"},"content":{"rendered":"<p>Un d\u00eda despu\u00e9s de que la esposa de <strong>Mois\u00e9s Mu\u00f1o<\/strong>z subiera una foto del portero del Am\u00e9rica presumiendo su trabajado f\u00edsico, acarre\u00e1ndole burlas en redes sociales, el cuerpo le pas\u00f3 factura al guardameta. Moi se lesion\u00f3 una vez m\u00e1s en este curso. Entre ojos, piernas, bajas de juego y cr\u00edticas por su estado de forma el futbolista de 36 a\u00f1os ha perdido la titularidad. Este s\u00e1bado le toc\u00f3 participar en un duelo con la categor\u00eda Sub 20 de las \u00c1guilas y sali\u00f3 a los 26 minutos de juego.<\/p>\n<p><strong>Mois\u00e9s Mu\u00f1oz<\/strong> no viaj\u00f3 a Chiapas la semana anterior debido a una contractura y en la tarde de s\u00e1bado fue necesario dejarle el puesto a Jonathan Le\u00f3n. La lesi\u00f3n se produjo en la pierna derecha y ocurri\u00f3 despu\u00e9s de que intentara despejar tras un tiro de esquina y sufri\u00f3 una mala ca\u00edda de la que ya no se pudo levantar. Hasta el momento se desconoce la gravedad de la molestia o las semanas que estar\u00eda fuera.<\/p>\n<p style=\"text-align: center;\"><strong><span style=\"color: #3366ff;\"><a style=\"color: #3366ff;\" href=\"http:\/\/www.futboltotal.com.mx\/2016\/04\/los-memes-perdonan-a-moises-munoz\/\">LEER M\u00c1S: Los memes no perdonan a Mois\u00e9s Mu\u00f1oz <\/a><\/span><\/strong><\/p>\n<p>Desde que qued\u00f3 tendido en el campo, el guardameta ya no pudo seguir e incluso sali\u00f3 en el carro de las asistencias ante la molestia.\u00a0Con el primer equipo de las <em>\u00c1guilas<\/em>, Moi no juega en Liga\u00a0desde el pasado 27 de febrero, d\u00eda en el que perdieron 4-1 ante Tigres.<\/p>\n","protected":false},"excerpt":{"rendered":"<p>El arquero abandon\u00f3 antes de la media hora de juego <\/p>\n","protected":false},"author":20,"featured_media":387143,"comment_status":"closed","ping_status":"closed","sticky":false,"template":"","format":"standard","meta":[],"categories":[2198,3845,5950],"tags":[5959,64,635],"_links":{"self":[{"href":"http:\/\/desarrollo.grupomedios.com\/futbol\/wp-json\/wp\/v2\/posts\/387141"}],"collection":[{"href":"http:\/\/desarrollo.grupomedios.com\/futbol\/wp-json\/wp\/v2\/posts"}],"about":[{"href":"http:\/\/desarrollo.grupomedios.com\/futbol\/wp-json\/wp\/v2\/types\/post"}],"author":[{"embeddable":true,"href":"http:\/\/desarrollo.grupomedios.com\/futbol\/wp-json\/wp\/v2\/users\/20"}],"replies":[{"embeddable":true,"href":"http:\/\/desarrollo.grupomedios.com\/futbol\/wp-json\/wp\/v2\/comments?post=387141"}],"version-history":[{"count":0,"href":"http:\/\/desarrollo.grupomedios.com\/futbol\/wp-json\/wp\/v2\/posts\/387141\/revisions"}],"wp:featuredmedia":[{"embeddable":true,"href":"http:\/\/desarrollo.grupomedios.com\/futbol\/wp-json\/wp\/v2\/media\/387143"}],"wp:attachment":[{"href":"http:\/\/desarrollo.grupomedios.com\/futbol\/wp-json\/wp\/v2\/media?parent=387141"}],"wp:term":[{"taxonomy":"category","embeddable":true,"href":"http:\/\/desarrollo.grupomedios.com\/futbol\/wp-json\/wp\/v2\/categories?post=387141"},{"taxonomy":"post_tag","embeddable":true,"href":"http:\/\/desarrollo.grupomedios.com\/futbol\/wp-json\/wp\/v2\/tags?post=387141"}],"curies":[{"name":"wp","href":"https:\/\/api.w.org\/{rel}","templated":true}]}}