{"id":387532,"date":"2016-04-10T19:34:41","date_gmt":"2016-04-11T01:34:41","guid":{"rendered":"http:\/\/www.futboltotal.com.mx\/?p=387532"},"modified":"2016-04-11T10:33:36","modified_gmt":"2016-04-11T16:33:36","slug":"resultado-liga-mx-pumas-1-2-leon","status":"publish","type":"post","link":"http:\/\/desarrollo.grupomedios.com\/futbol\/futbol-mexicano\/resultado-liga-mx-pumas-1-2-leon\/2016\/04","title":{"rendered":"Descont\u00f3n a Pumas en CU&#8230;"},"content":{"rendered":"<p>Los\u00a0<strong><a href=\"http:\/\/www.futboltotal.com.mx\/equipos\/unam\/\" target=\"_blank\">Pumas de la UNAM<\/a><\/strong> complicaron en demas\u00eda sus posibilidades de acceder a la liguilla, al caer 1-2 ante los <a href=\"http:\/\/www.futboltotal.com.mx\/equipos\/leon\/\" target=\"_blank\"><em>Esmeraldas<\/em> del <strong>Le\u00f3n<\/strong><\/a>, que dio un paso firme hacia la Fase Final, en partido que cerr\u00f3 la jornada\u00a013 del Clausura 2016 de la Liga MX, disputado este domingo en el estadio Ol\u00edmpico Universitario.<\/p>\n<p>Los goles de la victoria fueron obra del colombiano Dar\u00edo Burbano\u00a0(9&#8242;)\u00a0y del argentino Maximiliano Moralez (33&#8242;); en tanto, el ecuatoriano F\u00eddel Mart\u00ednez recort\u00f3 por los universitarios al 44&#8242;.<\/p>\n<div id=\"attachment_387536\" style=\"width: 830px\" class=\"wp-caption aligncenter\"><a href=\"http:\/\/www.futboltotal.com.mx\/2016\/04\/resultado-liga-mx-pumas-1-2-leon\/pumas-leon-clausura-2016\/\" rel=\"attachment wp-att-387536\"><img aria-describedby=\"caption-attachment-387536\" decoding=\"async\" loading=\"lazy\" class=\"size-full wp-image-387536\" src=\"http:\/\/www.futboltotal.com.mx\/wp-content\/uploads\/2016\/04\/pumas-leon-clausura-2016.jpg\" alt=\"Ciudad de M\u00e9xico 10 de abril de 2016. durante el partido correspondiente a la jornada 13 del Clausura 2016 de la Liga Bancomer MX entre los Pumas de la UNAM y los Esmeraldas de Le\u00f3n, celebrado en el Estadio Ol\u00edmpico Universitario. Foto: imago7\/ Diego Ignacio Flores.\" srcset=\"http:\/\/desarrollo.grupomedios.com\/futbol\/wp-content\/uploads\/2016\/04\/pumas-leon-clausura-2016.jpg 820w, http:\/\/desarrollo.grupomedios.com\/futbol\/wp-content\/uploads\/2016\/04\/pumas-leon-clausura-2016-300x200.jpg 300w, http:\/\/desarrollo.grupomedios.com\/futbol\/wp-content\/uploads\/2016\/04\/pumas-leon-clausura-2016-768x512.jpg 768w\" sizes=\"(max-width: 820px) 100vw, 820px\" \/><\/a><p id=\"caption-attachment-387536\" class=\"wp-caption-text\">Pumas de la UNAM perdi\u00f3 1-2 ante\u00a0los Esmeraldas de Le\u00f3n en el estadio Ol\u00edmpico Universitario. (Fotos: Imago7)<\/p><\/div>\n<p>Con este resultado, <strong>Le\u00f3n<\/strong> lleg\u00f3 a 22 unidades, coloc\u00e1ndose en el cuarto sitio de la general; mientras que\u00a0los <strong>Pumas<\/strong>\u00a0se quedaron con 15 puntos,\u00a0en el sitio n\u00famero 11.<\/p>\n<p>Pese a una destacada actuaci\u00f3n del <em>Pikol\u00edn<\/em> Palacios, el encanto de <strong>Pumas<\/strong> de jugar en horario nocturno -este partido se tuvo que mover de su horario original debido a los problemas con la calidad del aire en la Ciudad de M\u00e9xico-\u00a0termin\u00f3 en cuatro victorias.\u00a0El buen paso en Copa Libertadores, en donde ya amarraron su boleto a los Octavos de Final, no se reflej\u00f3 en la Liga MX.<\/p>\n<blockquote class=\"twitter-tweet\" data-lang=\"es\">\n<p dir=\"ltr\" lang=\"es\">\u00a1Gracias por su apoyo incondicional, auriazules!<a href=\"https:\/\/twitter.com\/hashtag\/PorTiUniversidad?src=hash\">#PorTiUniversidad<\/a> <a href=\"https:\/\/t.co\/H1AziSMyba\">pic.twitter.com\/H1AziSMyba<\/a><\/p>\n<p>\u2014 PUMAS (@PumasMX) <a href=\"https:\/\/twitter.com\/PumasMX\/status\/719338241111904256\">11 de abril de 2016<\/a><\/p><\/blockquote>\n<p><script src=\"\/\/platform.twitter.com\/widgets.js\" async=\"\" charset=\"utf-8\"><\/script><\/p>\n<p>Alineaciones:<\/p>\n<p><strong>PUMAS<\/strong>:\u00a0Alejandro Palacios, Josecarlos van Rankin (Mat\u00edas Britos, 46&#8242;), Gerardo Alcoba, Dar\u00edo Ver\u00f3n, Luis Fuentes, David Cabrera, Javier Cort\u00e9s, H\u00edbert Ru\u00edz, Daniel Ludue\u00f1a (Eduardo Herrera, 58&#8242;), Fidel Mart\u00ednez (Luis Qui\u00f1ones, 58&#8242;) e Ismael Sosa. DT Guillermo V\u00e1zquez.<\/p>\n<p><strong>LE\u00d3N<\/strong>:\u00a0William Yarbrough, Efra\u00edn Velarde, Guillermo Burdisso, Diego Novaretti, Jonny Magall\u00f3n, Aldo Rocha, Jos\u00e9 Juan V\u00e1zquez, El\u00edas Hern\u00e1ndez (Luis Montes, 79&#8242;), Dar\u00edo Burbano (Juan Cuevas, 50&#8242;), Maximiliano Moralez (Jorge Enr\u00edquez, 90&#8242;) y Mauro Boselli. DT Luis Fernando Tena.<\/p>\n<p>\u00c1rbitro: Fernando Guerrero.<\/p>\n","protected":false},"excerpt":{"rendered":"<p>El cuadro de la UNAM complica sus posibilidades de liguilla al caer ante Le\u00f3n<\/p>\n","protected":false},"author":20,"featured_media":387533,"comment_status":"closed","ping_status":"closed","sticky":false,"template":"","format":"standard","meta":[],"categories":[2198,3845,5950],"tags":[6458,5965,74],"_links":{"self":[{"href":"http:\/\/desarrollo.grupomedios.com\/futbol\/wp-json\/wp\/v2\/posts\/387532"}],"collection":[{"href":"http:\/\/desarrollo.grupomedios.com\/futbol\/wp-json\/wp\/v2\/posts"}],"about":[{"href":"http:\/\/desarrollo.grupomedios.com\/futbol\/wp-json\/wp\/v2\/types\/post"}],"author":[{"embeddable":true,"href":"http:\/\/desarrollo.grupomedios.com\/futbol\/wp-json\/wp\/v2\/users\/20"}],"replies":[{"embeddable":true,"href":"http:\/\/desarrollo.grupomedios.com\/futbol\/wp-json\/wp\/v2\/comments?post=387532"}],"version-history":[{"count":0,"href":"http:\/\/desarrollo.grupomedios.com\/futbol\/wp-json\/wp\/v2\/posts\/387532\/revisions"}],"wp:featuredmedia":[{"embeddable":true,"href":"http:\/\/desarrollo.grupomedios.com\/futbol\/wp-json\/wp\/v2\/media\/387533"}],"wp:attachment":[{"href":"http:\/\/desarrollo.grupomedios.com\/futbol\/wp-json\/wp\/v2\/media?parent=387532"}],"wp:term":[{"taxonomy":"category","embeddable":true,"href":"http:\/\/desarrollo.grupomedios.com\/futbol\/wp-json\/wp\/v2\/categories?post=387532"},{"taxonomy":"post_tag","embeddable":true,"href":"http:\/\/desarrollo.grupomedios.com\/futbol\/wp-json\/wp\/v2\/tags?post=387532"}],"curies":[{"name":"wp","href":"https:\/\/api.w.org\/{rel}","templated":true}]}}