{"id":387541,"date":"2016-04-10T21:03:05","date_gmt":"2016-04-11T03:03:05","guid":{"rendered":"http:\/\/www.futboltotal.com.mx\/?p=387541"},"modified":"2016-04-10T21:13:32","modified_gmt":"2016-04-11T03:13:32","slug":"oribe-peralta-comparte-liderato-goleo-andre-pierre-gignac","status":"publish","type":"post","link":"http:\/\/desarrollo.grupomedios.com\/futbol\/futbol-mexicano\/oribe-peralta-comparte-liderato-goleo-andre-pierre-gignac\/2016\/04","title":{"rendered":"Hermosa lucha por el liderato de goleo"},"content":{"rendered":"<p><b>Oribe Peralta<\/b>, delantero de las <em>\u00c1guilas<\/em> del Am\u00e9rica, es el jugador que ha dado la cara por los mexicanos en la pelea por el t\u00edtulo de goleo. Y es que tras su gol contra Tijuana, el <i>Hermoso<\/i> alcanz\u00f3 en la cima de este departamento al franc\u00e9s <b>Andr\u00e9-Pierre Gignac<\/b>, elemento de los Tigres de la UANL, con\u00a0nueve tantos.<\/p>\n<p>En\u00a0la\u00a0jornada\u00a013 del Clausura 2016 de la Liga MX, el jugador americanista contribuy\u00f3 con un tanto en la goleada (6-1) que le propinaron a <em>Xolos<\/em> de Tijuana en el Estadio Azteca. Y ahora, <strong>Oribe Peralta<\/strong>\u00a0aspira a ser campe\u00f3n de goleo.<\/p>\n<blockquote class=\"twitter-tweet\" data-lang=\"es\">\n<p dir=\"ltr\" lang=\"es\">Triunfos como los de hoy son el resultado de la armon\u00eda y trabajo en equipo. \u00a1Vamos por m\u00e1s! <a href=\"https:\/\/twitter.com\/ClubAmerica\">@ClubAmerica<\/a> <a href=\"https:\/\/t.co\/J69UTy6hT4\">pic.twitter.com\/J69UTy6hT4<\/a><\/p>\n<p>\u2014 Oribe Peralta (@OribePeralta) <a href=\"https:\/\/twitter.com\/OribePeralta\/status\/718980645674831872\">10 de abril de 2016<\/a><\/p><\/blockquote>\n<p><script src=\"\/\/platform.twitter.com\/widgets.js\" async=\"\" charset=\"utf-8\"><\/script><\/p>\n<p><strong>Tabla de goleo individual del Clausura 2016<\/strong>:<\/p>\n<p><strong>Oribe Peralta<\/strong>\u00a0| Am\u00e9rica\u00a0|\u00a09 goles<\/p>\n<p><strong>Andr\u00e9-Pierre Gignac<\/strong> (FRA) | Tigres |\u00a09 goles<\/p>\n<p>Jorge Ben\u00edtez (PAR) | Cruz Azul | 7\u00a0goles<\/p>\n<p>Silvio Romero (ARG) | Chiapas | 7\u00a0goles<\/p>\n<p>Darwin Quintero (COL*) | Am\u00e9rica | 6\u00a0goles<\/p>\n<p>Hirving Lozano\u00a0|\u00a0Pachuca\u00a0|\u00a06\u00a0goles<\/p>\n<p>Franco Jara (ARG)\u00a0|\u00a0Pachuca\u00a0|\u00a06\u00a0goles<\/p>\n<p>Enrique Triverio (ARG)\u00a0|\u00a0Toluca\u00a0|\u00a06\u00a0goles<\/p>\n<p>Dayro Moreno (COL)\u00a0|\u00a0Tijuana\u00a0|\u00a06\u00a0goles<\/p>\n<p style=\"text-align: center;\"><span style=\"color: #3366ff;\"><strong><a style=\"color: #3366ff;\" href=\"http:\/\/www.futboltotal.com.mx\/2016\/04\/oribe-peralta-iguala-record-cuauhtemoc-blanco-en-america\/\">LEER M\u00c1S: Oribe Peralta hace historia con Am\u00e9rica<\/a><\/strong><\/span><\/p>\n<p>Con cinco goles: Christian Gim\u00e9nez (Cruz Azul), Mauro Boselli (Le\u00f3n), Mat\u00edas Alustiza (Puebla), Rogelio Funes Mori (Monterrey), Carlos S\u00e1nchez (Monterrey), Edwin Cardona (Monterrey) y\u00a0Milton Caraglio (Sinaloa).<\/p>\n<p>En lo que toca al goleo por equipos, Am\u00e9rica\u00a0es el m\u00e1s productivo con 30 a su favor, mientras que Chiapas, Toluca y Veracruz tienen las ofensivas menos productivas con apenas 13 anotaciones cada uno.\u00a0Mientras que a la defensiva, los <em>Tuzos<\/em> de Pachuca son\u00a0el que mejor se aplica en su reducto defensivo ya que apenas ha recibido 13 tantos, mientras que la los\u00a0<em>Tiburones Rojos<\/em> del Veracruz con el cuadro\u00a0m\u00e1s castigado, con 27 en contra.<\/p>\n","protected":false},"excerpt":{"rendered":"<p>Oribe Peralta comparte liderato de goleo con Andr\u00e9-Pierre Gignac<\/p>\n","protected":false},"author":20,"featured_media":387544,"comment_status":"closed","ping_status":"closed","sticky":false,"template":"","format":"standard","meta":[],"categories":[2198,3845,5950],"tags":[6458,6456,62],"_links":{"self":[{"href":"http:\/\/desarrollo.grupomedios.com\/futbol\/wp-json\/wp\/v2\/posts\/387541"}],"collection":[{"href":"http:\/\/desarrollo.grupomedios.com\/futbol\/wp-json\/wp\/v2\/posts"}],"about":[{"href":"http:\/\/desarrollo.grupomedios.com\/futbol\/wp-json\/wp\/v2\/types\/post"}],"author":[{"embeddable":true,"href":"http:\/\/desarrollo.grupomedios.com\/futbol\/wp-json\/wp\/v2\/users\/20"}],"replies":[{"embeddable":true,"href":"http:\/\/desarrollo.grupomedios.com\/futbol\/wp-json\/wp\/v2\/comments?post=387541"}],"version-history":[{"count":0,"href":"http:\/\/desarrollo.grupomedios.com\/futbol\/wp-json\/wp\/v2\/posts\/387541\/revisions"}],"wp:featuredmedia":[{"embeddable":true,"href":"http:\/\/desarrollo.grupomedios.com\/futbol\/wp-json\/wp\/v2\/media\/387544"}],"wp:attachment":[{"href":"http:\/\/desarrollo.grupomedios.com\/futbol\/wp-json\/wp\/v2\/media?parent=387541"}],"wp:term":[{"taxonomy":"category","embeddable":true,"href":"http:\/\/desarrollo.grupomedios.com\/futbol\/wp-json\/wp\/v2\/categories?post=387541"},{"taxonomy":"post_tag","embeddable":true,"href":"http:\/\/desarrollo.grupomedios.com\/futbol\/wp-json\/wp\/v2\/tags?post=387541"}],"curies":[{"name":"wp","href":"https:\/\/api.w.org\/{rel}","templated":true}]}}