{"id":387572,"date":"2016-04-10T22:00:40","date_gmt":"2016-04-11T04:00:40","guid":{"rendered":"http:\/\/www.futboltotal.com.mx\/?p=387572"},"modified":"2016-04-11T18:55:18","modified_gmt":"2016-04-12T00:55:18","slug":"monterrey-primer-invitado-a-la-liguilla","status":"publish","type":"post","link":"http:\/\/desarrollo.grupomedios.com\/futbol\/destacado-home\/monterrey-primer-invitado-a-la-liguilla\/2016\/04","title":{"rendered":"Monterrey, el primer invitado&#8230;"},"content":{"rendered":"<p><strong>Monterrey<\/strong>, l\u00edder absoluto del <a href=\"http:\/\/www.futboltotal.com.mx\/estadisticas\/estadisticas-liga-mx\/\" target=\"_blank\">Clausura 2016 de la Liga MX<\/a>, se convirti\u00f3 en el <strong>primer calificado a la liguilla<\/strong>. Tras\u00a0la derrota de Pumas contra Le\u00f3n, los <em>Rayados<\/em> aseguraron su pasaporte a la\u00a0Fase Final de la justa <em>azteca<\/em>, pues actualmente se ubican en la cima con 30 unidades, mientras que Tigres es noveno con 17 puntos, lo que hace imposible que el equipo dirigido por\u00a0el\u00a0<em>Turco<\/em>\u00a0Mohamed\u00a0qued\u00e9 fuera de los ocho primeros lugares de la tabla general.<\/p>\n<p style=\"text-align: center;\"><span style=\"color: #3366ff;\"><a style=\"color: #3366ff;\" href=\"http:\/\/www.futboltotal.com.mx\/estadisticas\/estadisticas-liga-mx\/\" target=\"_blank\"><strong>VER M\u00c1S: Tabla general del Clausura 2016 de la Liga MX<\/strong><\/a><\/span><\/p>\n<p><em>Rayados<\/em> de <strong>Monterrey<\/strong>\u00a0podr\u00eda perder sus \u00faltimos cuatro partidos y a\u00fan as\u00ed estar\u00edan ocupando por lo menos el octavo puesto de la tabla.<\/p>\n<p>El Clausura 2016 agoniza, s\u00f3lo quedan 12 puntos en disputa, y los equipos comienzan a hacer cuentas para calificar a la\u00a0<strong>liguilla<\/strong>. En ese sentido, parece que Am\u00e9rica, Pachuca, Le\u00f3n y Santos est\u00e1n encaminados a\u00a0la <em>Fiesta Grande<\/em>, mientras que Cruz Azul, Morelia y Chivas deber\u00e1n redoblar esfuerzos para mantenerse dentro de los primeros ocho lugares.<\/p>\n<blockquote class=\"twitter-tweet\" data-lang=\"es\">\n<p dir=\"ltr\" lang=\"es\">En zona de liguilla, 2do. cero del equipo y 3er. triunfo en fila, vamos \u274c\u2795 goles en el cl\u00e1sico ante nuestra afici\u00f3n. <a href=\"https:\/\/t.co\/bIVReyWWy5\">pic.twitter.com\/bIVReyWWy5<\/a><\/p>\n<p>\u2014 Carlos Salcedo (@csalcedojr) <a href=\"https:\/\/twitter.com\/csalcedojr\/status\/719318839956152321\">11 de abril de 2016<\/a><\/p><\/blockquote>\n<p><script src=\"\/\/platform.twitter.com\/widgets.js\" async=\"\" charset=\"utf-8\"><\/script><\/p>\n<p>En tanto, Tigres,\u00a0vigente campe\u00f3n de la Liga MX, en este momento se encuentra fuera de la <strong>liguilla<\/strong>.<\/p>\n<p><a href=\"http:\/\/www.futboltotal.com.mx\/2016\/04\/monterrey-primer-invitado-a-la-liguilla\/liguilla\/\" rel=\"attachment wp-att-387576\"><img decoding=\"async\" loading=\"lazy\" class=\"aligncenter size-full wp-image-387576\" src=\"http:\/\/www.futboltotal.com.mx\/wp-content\/uploads\/2016\/04\/LIGUILLA.png\" alt=\"LIGUILLA\" srcset=\"http:\/\/desarrollo.grupomedios.com\/futbol\/wp-content\/uploads\/2016\/04\/LIGUILLA.png 754w, http:\/\/desarrollo.grupomedios.com\/futbol\/wp-content\/uploads\/2016\/04\/LIGUILLA-300x166.png 300w\" sizes=\"(max-width: 754px) 100vw, 754px\" \/><\/a><\/p>\n","protected":false},"excerpt":{"rendered":"<p>Tras la derrota de Pumas, los Rayados aseguraron su pasaporte a la liguilla<\/p>\n","protected":false},"author":20,"featured_media":387573,"comment_status":"closed","ping_status":"closed","sticky":false,"template":"","format":"standard","meta":[],"categories":[5,2198,3845],"tags":[6458,5966],"_links":{"self":[{"href":"http:\/\/desarrollo.grupomedios.com\/futbol\/wp-json\/wp\/v2\/posts\/387572"}],"collection":[{"href":"http:\/\/desarrollo.grupomedios.com\/futbol\/wp-json\/wp\/v2\/posts"}],"about":[{"href":"http:\/\/desarrollo.grupomedios.com\/futbol\/wp-json\/wp\/v2\/types\/post"}],"author":[{"embeddable":true,"href":"http:\/\/desarrollo.grupomedios.com\/futbol\/wp-json\/wp\/v2\/users\/20"}],"replies":[{"embeddable":true,"href":"http:\/\/desarrollo.grupomedios.com\/futbol\/wp-json\/wp\/v2\/comments?post=387572"}],"version-history":[{"count":0,"href":"http:\/\/desarrollo.grupomedios.com\/futbol\/wp-json\/wp\/v2\/posts\/387572\/revisions"}],"wp:featuredmedia":[{"embeddable":true,"href":"http:\/\/desarrollo.grupomedios.com\/futbol\/wp-json\/wp\/v2\/media\/387573"}],"wp:attachment":[{"href":"http:\/\/desarrollo.grupomedios.com\/futbol\/wp-json\/wp\/v2\/media?parent=387572"}],"wp:term":[{"taxonomy":"category","embeddable":true,"href":"http:\/\/desarrollo.grupomedios.com\/futbol\/wp-json\/wp\/v2\/categories?post=387572"},{"taxonomy":"post_tag","embeddable":true,"href":"http:\/\/desarrollo.grupomedios.com\/futbol\/wp-json\/wp\/v2\/tags?post=387572"}],"curies":[{"name":"wp","href":"https:\/\/api.w.org\/{rel}","templated":true}]}}