{"id":387587,"date":"2016-04-11T08:54:47","date_gmt":"2016-04-11T14:54:47","guid":{"rendered":"http:\/\/www.futboltotal.com.mx\/?p=387587"},"modified":"2016-04-11T10:34:39","modified_gmt":"2016-04-11T16:34:39","slug":"11-ideal-la-jornada-13-del-clausura-2016","status":"publish","type":"post","link":"http:\/\/desarrollo.grupomedios.com\/futbol\/destacado-home\/11-ideal-la-jornada-13-del-clausura-2016\/2016\/04","title":{"rendered":"\u00a1Los grandes protagonistas de la jornada 13!"},"content":{"rendered":"<p>La cabal\u00edstica <strong>jornada 13<\/strong>\u00a0del <strong>Clausura 2016<\/strong> regal\u00f3 intensas\u00a0emociones. Goleadas y\u00a0magn\u00edficos\u00a0goles. Y\u00a0s\u00ed, 11 grandes protagonistas.<\/p>\n<p>El<strong> 11 ideal<\/strong> de la<strong> jornada 13<\/strong> del<strong> Clausura 2016<\/strong>:<\/p>\n<p><a href=\"http:\/\/www.futboltotal.com.mx\/2016\/04\/11-ideal-la-jornada-13-del-clausura-2016\/11_ideal_liga-mx-jornada-13\/\" rel=\"attachment wp-att-387590\"><img decoding=\"async\" loading=\"lazy\" class=\"aligncenter size-full wp-image-387590\" src=\"http:\/\/www.futboltotal.com.mx\/wp-content\/uploads\/2016\/04\/11_ideal_liga-mx-jornada-13.jpg\" alt=\"11_ideal_liga-mx-jornada-13\" srcset=\"http:\/\/desarrollo.grupomedios.com\/futbol\/wp-content\/uploads\/2016\/04\/11_ideal_liga-mx-jornada-13.jpg 820w, http:\/\/desarrollo.grupomedios.com\/futbol\/wp-content\/uploads\/2016\/04\/11_ideal_liga-mx-jornada-13-222x300.jpg 222w, http:\/\/desarrollo.grupomedios.com\/futbol\/wp-content\/uploads\/2016\/04\/11_ideal_liga-mx-jornada-13-768x1040.jpg 768w, http:\/\/desarrollo.grupomedios.com\/futbol\/wp-content\/uploads\/2016\/04\/11_ideal_liga-mx-jornada-13-756x1024.jpg 756w\" sizes=\"(max-width: 820px) 100vw, 820px\" \/><\/a><\/p>\n<p>En esta jornada destacaron\u00a0Monterrey y Am\u00e9rica, escuadra que se despacharon con sendas goleadas y dieron pasos firmes\u00a0para establecerse como los candidatos m\u00e1s firmes hacia el t\u00edtulo. Tambi\u00e9n sobresalieron Dorados y Chivas, conjuntos que han tenido un notable despertar en la Liga MX.<\/p>\n<p>&nbsp;<\/p>\n","protected":false},"excerpt":{"rendered":"<p>Los grandes protagonistas de la \u00faltima fecha de la Liga MX<\/p>\n","protected":false},"author":20,"featured_media":387591,"comment_status":"closed","ping_status":"closed","sticky":false,"template":"","format":"standard","meta":[],"categories":[5,2198,3845],"tags":[5623,6458],"_links":{"self":[{"href":"http:\/\/desarrollo.grupomedios.com\/futbol\/wp-json\/wp\/v2\/posts\/387587"}],"collection":[{"href":"http:\/\/desarrollo.grupomedios.com\/futbol\/wp-json\/wp\/v2\/posts"}],"about":[{"href":"http:\/\/desarrollo.grupomedios.com\/futbol\/wp-json\/wp\/v2\/types\/post"}],"author":[{"embeddable":true,"href":"http:\/\/desarrollo.grupomedios.com\/futbol\/wp-json\/wp\/v2\/users\/20"}],"replies":[{"embeddable":true,"href":"http:\/\/desarrollo.grupomedios.com\/futbol\/wp-json\/wp\/v2\/comments?post=387587"}],"version-history":[{"count":0,"href":"http:\/\/desarrollo.grupomedios.com\/futbol\/wp-json\/wp\/v2\/posts\/387587\/revisions"}],"wp:featuredmedia":[{"embeddable":true,"href":"http:\/\/desarrollo.grupomedios.com\/futbol\/wp-json\/wp\/v2\/media\/387591"}],"wp:attachment":[{"href":"http:\/\/desarrollo.grupomedios.com\/futbol\/wp-json\/wp\/v2\/media?parent=387587"}],"wp:term":[{"taxonomy":"category","embeddable":true,"href":"http:\/\/desarrollo.grupomedios.com\/futbol\/wp-json\/wp\/v2\/categories?post=387587"},{"taxonomy":"post_tag","embeddable":true,"href":"http:\/\/desarrollo.grupomedios.com\/futbol\/wp-json\/wp\/v2\/tags?post=387587"}],"curies":[{"name":"wp","href":"https:\/\/api.w.org\/{rel}","templated":true}]}}