{"id":387589,"date":"2016-04-11T08:59:20","date_gmt":"2016-04-11T14:59:20","guid":{"rendered":"http:\/\/www.futboltotal.com.mx\/?p=387589"},"modified":"2016-04-11T09:12:54","modified_gmt":"2016-04-11T15:12:54","slug":"las-emociones-la-liga-mx","status":"publish","type":"post","link":"http:\/\/desarrollo.grupomedios.com\/futbol\/destacado-home\/las-emociones-la-liga-mx\/2016\/04","title":{"rendered":"Las EMOCIONES de&#8230;. \u00a1La Liga MX!"},"content":{"rendered":"<p>Se jug\u00f3 la Jornada 13 de la <strong><a href=\"http:\/\/www.futboltotal.com.mx\/futbol-mexicano\/\">Liga MX<\/a><\/strong>\u00a0del\u00a0<strong>Clausura 2016<\/strong> y los 18 equipos nos regalaron grandes EMOCIONES. Partidazos, feria de goles, victorias, derrotas, lucha por salvar la categor\u00eda, duelos de aficiones&#8230; En suma, todo se conjug\u00f3 para vivir una electrizante jornada que dej\u00f3 un mont\u00f3n de cosas para re\u00edr, analizar y, sobre todo, para conversar sobre lo que depara el cierre del torneo con miras a la Liguilla.<\/p>\n<p>Y en <strong>Futbol Total<\/strong>\u00a0no lo pasamos desapercibido, por ello te presentamos las EMOCIONES de la <strong><a href=\"http:\/\/www.futboltotal.com.mx\/futbol-mexicano\/\">Liga MX<\/a>\u00a0<\/strong>con el recuento de las sensaciones tras un intenso fin de semana futbolero. \u00a1Rev\u00edvelas!<\/p>\n<p>[video_player]https:\/\/player.vimeo.com\/external\/162381530.hd.mp4?s=5c11584417be81a24eb6afc79c80a2c2d35abb30&amp;profile_id=174[\/video_player]<\/p>\n","protected":false},"excerpt":{"rendered":"<p>Te presentamos lo que nos dej\u00f3 la jornada 13 del Clausura 2016 <\/p>\n","protected":false},"author":20,"featured_media":387595,"comment_status":"closed","ping_status":"closed","sticky":false,"template":"","format":"standard","meta":[],"categories":[5,3845],"tags":[6458,64],"_links":{"self":[{"href":"http:\/\/desarrollo.grupomedios.com\/futbol\/wp-json\/wp\/v2\/posts\/387589"}],"collection":[{"href":"http:\/\/desarrollo.grupomedios.com\/futbol\/wp-json\/wp\/v2\/posts"}],"about":[{"href":"http:\/\/desarrollo.grupomedios.com\/futbol\/wp-json\/wp\/v2\/types\/post"}],"author":[{"embeddable":true,"href":"http:\/\/desarrollo.grupomedios.com\/futbol\/wp-json\/wp\/v2\/users\/20"}],"replies":[{"embeddable":true,"href":"http:\/\/desarrollo.grupomedios.com\/futbol\/wp-json\/wp\/v2\/comments?post=387589"}],"version-history":[{"count":0,"href":"http:\/\/desarrollo.grupomedios.com\/futbol\/wp-json\/wp\/v2\/posts\/387589\/revisions"}],"wp:featuredmedia":[{"embeddable":true,"href":"http:\/\/desarrollo.grupomedios.com\/futbol\/wp-json\/wp\/v2\/media\/387595"}],"wp:attachment":[{"href":"http:\/\/desarrollo.grupomedios.com\/futbol\/wp-json\/wp\/v2\/media?parent=387589"}],"wp:term":[{"taxonomy":"category","embeddable":true,"href":"http:\/\/desarrollo.grupomedios.com\/futbol\/wp-json\/wp\/v2\/categories?post=387589"},{"taxonomy":"post_tag","embeddable":true,"href":"http:\/\/desarrollo.grupomedios.com\/futbol\/wp-json\/wp\/v2\/tags?post=387589"}],"curies":[{"name":"wp","href":"https:\/\/api.w.org\/{rel}","templated":true}]}}