{"id":387606,"date":"2016-04-11T10:33:15","date_gmt":"2016-04-11T16:33:15","guid":{"rendered":"http:\/\/www.futboltotal.com.mx\/?p=387606"},"modified":"2016-04-11T10:33:15","modified_gmt":"2016-04-11T16:33:15","slug":"ribery-podria-volver-a-la-seleccion-francesa","status":"publish","type":"post","link":"http:\/\/desarrollo.grupomedios.com\/futbol\/futbol-internacional\/ribery-podria-volver-a-la-seleccion-francesa\/2016\/04","title":{"rendered":"\u00bf\u00a1Ribery regresa a la selecci\u00f3n francesa!?"},"content":{"rendered":"<p>A poco m\u00e1s de dos meses para que de inicio la <strong>Eurocopa 2016, <\/strong>el franc\u00e9s Franck Ribery tiene la intenci\u00f3n de volver a vestir la camiseta de <em>Les Bleus.\u00a0<\/em>Disputar por tercera vez la m\u00e1xima justa de selecciones en el Viejo Continente tiene ilusionado al mediocampista del Bayern M\u00fanich.<\/p>\n<p>El 13 de agosto de 2014, el franc\u00e9s anunci\u00f3 su retirada de la selecci\u00f3n. Lo hizo despu\u00e9s de haber renunciado a la posibilidad de disputar el Mundial de Brasil, tras padecer un problema de lumbalgia y argumentar motivos personales.<\/p>\n<p style=\"text-align: center;\"><span style=\"color: #3366ff;\"><strong><a style=\"color: #3366ff;\" href=\"http:\/\/www.futboltotal.com.mx\/?s=Eurocopa\">LEER M\u00c1S: Todas las noticias de la Eurocopa<\/a><\/strong><\/span><\/p>\n<p>&#8220;No he estado en mi nivel y he tenido\u00a0altibajos, ahora ha llegado el momento de empezar un nuevo cap\u00edtulo en mi vida. Quiero dedicarle m\u00e1s tiempo a mi familia y concentrarme por completo en el Bayern&#8221;, sentenci\u00f3 Ribery\u00a0en aquella ocasi\u00f3n.<\/p>\n<p>Pero ahora el panorama luce distinto y el franc\u00e9s revel\u00f3 que desea tener una reuni\u00f3n con Didier Deschamps para saber si hay posibilidades de pelear por un sitio en la convocatoria.<\/p>\n<p>&#8220;Antes de decidirme quiero hablar seriamente con Didier Deschamps con la \u00fanica condici\u00f3n de que tratemos con claridad el rol a desempe\u00f1ar. Pienso que a\u00fan puedo aportar alguna cosa al equipo y ser\u00eda magn\u00edfico&#8221;, apunt\u00f3 Ribery en declaraciones para la p\u00e1gina del Bayern M\u00fanich.<\/p>\n<p>Rib\u00e9ry se perdi\u00f3 todo el inicio de la temporada 2015-16 con el Bayern M\u00fanich por una ola de lesiones. Y fue a partir de la jornada 22, cuando el estratega Josep Guardiola volvi\u00f3 a darle minutos. Desde entonces encadena ocho duelos con minutos en los cuales ha marcado un gol y ha dado cuatro asistencias.<\/p>\n<p>&nbsp;<\/p>\n","protected":false},"excerpt":{"rendered":"<p>El franc\u00e9s anhela pelear por un puesto de cara a la Eurocopa 2016<\/p>\n","protected":false},"author":20,"featured_media":387610,"comment_status":"closed","ping_status":"closed","sticky":false,"template":"","format":"standard","meta":[],"categories":[3839,6822,5951],"tags":[2056,367,2749],"_links":{"self":[{"href":"http:\/\/desarrollo.grupomedios.com\/futbol\/wp-json\/wp\/v2\/posts\/387606"}],"collection":[{"href":"http:\/\/desarrollo.grupomedios.com\/futbol\/wp-json\/wp\/v2\/posts"}],"about":[{"href":"http:\/\/desarrollo.grupomedios.com\/futbol\/wp-json\/wp\/v2\/types\/post"}],"author":[{"embeddable":true,"href":"http:\/\/desarrollo.grupomedios.com\/futbol\/wp-json\/wp\/v2\/users\/20"}],"replies":[{"embeddable":true,"href":"http:\/\/desarrollo.grupomedios.com\/futbol\/wp-json\/wp\/v2\/comments?post=387606"}],"version-history":[{"count":0,"href":"http:\/\/desarrollo.grupomedios.com\/futbol\/wp-json\/wp\/v2\/posts\/387606\/revisions"}],"wp:featuredmedia":[{"embeddable":true,"href":"http:\/\/desarrollo.grupomedios.com\/futbol\/wp-json\/wp\/v2\/media\/387610"}],"wp:attachment":[{"href":"http:\/\/desarrollo.grupomedios.com\/futbol\/wp-json\/wp\/v2\/media?parent=387606"}],"wp:term":[{"taxonomy":"category","embeddable":true,"href":"http:\/\/desarrollo.grupomedios.com\/futbol\/wp-json\/wp\/v2\/categories?post=387606"},{"taxonomy":"post_tag","embeddable":true,"href":"http:\/\/desarrollo.grupomedios.com\/futbol\/wp-json\/wp\/v2\/tags?post=387606"}],"curies":[{"name":"wp","href":"https:\/\/api.w.org\/{rel}","templated":true}]}}