{"id":387633,"date":"2016-04-11T12:25:32","date_gmt":"2016-04-11T18:25:32","guid":{"rendered":"http:\/\/www.futboltotal.com.mx\/?p=387633"},"modified":"2016-04-11T12:25:32","modified_gmt":"2016-04-11T18:25:32","slug":"lo-obligan-a-cortarse-cabello-en-plena-cancha","status":"publish","type":"post","link":"http:\/\/desarrollo.grupomedios.com\/futbol\/videos\/lo-obligan-a-cortarse-cabello-en-plena-cancha\/2016\/04","title":{"rendered":"Lo obligan a cortarse el cabello\u2026 \u00a1en plena cancha!"},"content":{"rendered":"<p>El duelo entre Al Shabab y el Al Quadisiya en la liga de Arabia Saudita, tuvo una an\u00e9cdota ins\u00f3lita antes de comenzar: el portero del cuadro local, <strong>Waleed Abdullah<\/strong>, fue obligado a <strong>cortarse el cabello<\/strong> previo al arranque del partido, pues no iba acorde con las exigencias del Islam.<\/p>\n<p><iframe loading=\"lazy\" src=\"https:\/\/www.youtube.com\/embed\/LEpZrS6qU4g\" frameborder=\"0\" allowfullscreen=\"allowfullscreen\"><\/iframe><\/p>\n<p>Seg\u00fan publica el portal <em>Gulf News<\/em>, las autoridades del pa\u00eds de Oriente Medio prohibieron los peinados exc\u00e9ntricos en los campos de futbol por ser considerados ofensivos hacia la religi\u00f3n isl\u00e1mica.<\/p>\n<p>En ese sentido, se apunta que <strong>Waleed Abdullah <\/strong>llevaba el cabello un poco m\u00e1s rapado por ambos lados que por la parte de arriba. Nada ex\u00f3tico de acuerdo a los cortes que suelen lucir algunos futbolistas de talla mundial. No obstante, el \u00e1rbitro consider\u00f3 que deb\u00eda cort\u00e1rselo si quer\u00eda disputar el encuentro.<\/p>\n","protected":false},"excerpt":{"rendered":"<p>An\u00e9cdota ins\u00f3lita se present\u00f3 en la liga de Arabia Saudita<\/p>\n","protected":false},"author":20,"featured_media":387634,"comment_status":"closed","ping_status":"closed","sticky":false,"template":"","format":"standard","meta":[],"categories":[3839,4],"tags":[6989,6274],"_links":{"self":[{"href":"http:\/\/desarrollo.grupomedios.com\/futbol\/wp-json\/wp\/v2\/posts\/387633"}],"collection":[{"href":"http:\/\/desarrollo.grupomedios.com\/futbol\/wp-json\/wp\/v2\/posts"}],"about":[{"href":"http:\/\/desarrollo.grupomedios.com\/futbol\/wp-json\/wp\/v2\/types\/post"}],"author":[{"embeddable":true,"href":"http:\/\/desarrollo.grupomedios.com\/futbol\/wp-json\/wp\/v2\/users\/20"}],"replies":[{"embeddable":true,"href":"http:\/\/desarrollo.grupomedios.com\/futbol\/wp-json\/wp\/v2\/comments?post=387633"}],"version-history":[{"count":0,"href":"http:\/\/desarrollo.grupomedios.com\/futbol\/wp-json\/wp\/v2\/posts\/387633\/revisions"}],"wp:featuredmedia":[{"embeddable":true,"href":"http:\/\/desarrollo.grupomedios.com\/futbol\/wp-json\/wp\/v2\/media\/387634"}],"wp:attachment":[{"href":"http:\/\/desarrollo.grupomedios.com\/futbol\/wp-json\/wp\/v2\/media?parent=387633"}],"wp:term":[{"taxonomy":"category","embeddable":true,"href":"http:\/\/desarrollo.grupomedios.com\/futbol\/wp-json\/wp\/v2\/categories?post=387633"},{"taxonomy":"post_tag","embeddable":true,"href":"http:\/\/desarrollo.grupomedios.com\/futbol\/wp-json\/wp\/v2\/tags?post=387633"}],"curies":[{"name":"wp","href":"https:\/\/api.w.org\/{rel}","templated":true}]}}