{"id":387652,"date":"2016-04-11T14:16:38","date_gmt":"2016-04-11T20:16:38","guid":{"rendered":"http:\/\/www.futboltotal.com.mx\/?p=387652"},"modified":"2016-04-11T14:20:49","modified_gmt":"2016-04-11T20:20:49","slug":"las-grandes-fallas-las-televisoras-deportes","status":"publish","type":"post","link":"http:\/\/desarrollo.grupomedios.com\/futbol\/no-todo-es-futbol\/las-grandes-fallas-las-televisoras-deportes\/2016\/04","title":{"rendered":"Los pecados de la TV deportiva"},"content":{"rendered":"<p>La noche del 10 de abril, la afici\u00f3n mexicana que gustaba de ver el programa de an\u00e1lisis deportivo de <strong>Televisa<\/strong>, conocido como <strong>La Jugada<\/strong>, realiz\u00f3 duras cr\u00edticas a la emisi\u00f3n deportiva, por su cambio de formato.<\/p>\n<p>Ante esa inconformidad, recordamos las razones, por las que la TV deportiva de la actualidad, ha perdido puntos de confianza con los televidentes.<\/p>\n<p style=\"text-align: center;\"><span style=\"color: #3366ff;\"><strong><a style=\"color: #3366ff;\" href=\"http:\/\/www.futboltotal.com.mx\/2016\/04\/top-5-bellezas-la-tv-deportiva-se-perdieron\/\" target=\"_blank\">LEER M\u00c1S: Las Bellezas de la TV deportiva, que se perdieron<\/a><\/strong><\/span><\/p>\n<p><strong>La Jugada<\/strong> | El intento del pasado domingo implementado en el programa deportivo estelar de <em>Televisa<\/em>, dej\u00f3 con un mal sabor de boca a los televidentes; pues al mezclar a conductores del espect\u00e1culo, adem\u00e1s de incluir risas grabadas, molest\u00f3 a una audiencia, que crey\u00f3 que vendr\u00eda algo mejor, tras enterarse del recorte de personal que sufre la empresa.<\/p>\n<blockquote class=\"twitter-tweet\" data-lang=\"es\">\n<p dir=\"ltr\" lang=\"es\"><a href=\"https:\/\/twitter.com\/TD_Deportes\">@TD_Deportes<\/a> <a href=\"https:\/\/twitter.com\/LaJugadaTD\">@LaJugadaTD<\/a> aplausos y risas grabadas &#8230;osea&#8230;No puede ser.. <a href=\"https:\/\/t.co\/7pm35Eljxy\">pic.twitter.com\/7pm35Eljxy<\/a><\/p>\n<p>\u2014 Mickangelus (@Mickangelus) <a href=\"https:\/\/twitter.com\/Mickangelus\/status\/719369246019432448\">11 de abril de 2016<\/a><\/p><\/blockquote>\n<p><script src=\"\/\/platform.twitter.com\/widgets.js\" async=\"\" charset=\"utf-8\"><\/script><\/p>\n<p>La salida de Alberto Lati, uno de los referentes de la empresa, enfureci\u00f3 a los seguidores de dicha cadena, y con estos cambios, la situaci\u00f3n empere\u00f3; pues la maniobra, contradictoria al trabajo serio que suele hacer Francisco Javier Gonz\u00e1lez, no est\u00e1 funcionando.<\/p>\n<p><iframe loading=\"lazy\" src=\"https:\/\/www.youtube.com\/embed\/wxgELmZYUTs\" frameborder=\"0\" allowfullscreen=\"allowfullscreen\"><\/iframe><\/p>\n<p><strong>Viernes botanero<\/strong> | Apenas un par de d\u00edas antes de que los aficionados enardecieran contra <em>Televisa<\/em>, los viernes de futbol que transmite <em>TV Azteca<\/em> <a href=\"http:\/\/www.futboltotal.com.mx\/2016\/04\/diego-ramirez-critica-las-transmisiones-tv-azteca\/\" target=\"_blank\">tambi\u00e9n recibieron una fuerte cr\u00edtica<\/a>; donde aseguran que los partidos ya no son analizados, deportivamente; sino que ahora, s\u00f3lo tienen relleno.<\/p>\n<p><iframe loading=\"lazy\" src=\"https:\/\/www.youtube.com\/embed\/DoQKPHaiRmA\" frameborder=\"0\" allowfullscreen=\"allowfullscreen\"><\/iframe><\/p>\n<p><strong>La comedia en ESPN<\/strong> | Algo que no les agrada a los m\u00e1s fervientes seguidores de <em>ESPN<\/em>, es la comedia implementada en la cadena donde labora Jos\u00e9 Ram\u00f3n Fern\u00e1ndez; pues el hijo del comentarista, independientemente de la calidad de su talento, no es del agrado del p\u00fablico, quienes ven como contradicci\u00f3n, la aparici\u00f3n de Juan Pablo, en el canal de mayor seriedad.<\/p>\n<p><iframe loading=\"lazy\" src=\"https:\/\/www.youtube.com\/embed\/7-0g33VN0-M\" frameborder=\"0\" allowfullscreen=\"allowfullscreen\"><\/iframe><\/p>\n<p><strong>Fox Sports<\/strong> | Para muchos, principalmente seguidores de <em>ESPN<\/em>, la cadena donde trabaja Andr\u00e9 Mar\u00edn, ha copiado todos los formatos de su competencia, en cuanto a los programas informativos. Mientras que la emisi\u00f3n <em>Fox Para Todos<\/em>, aunque caus\u00f3 controversia por mezclar el futbol con mujeres y otras situaciones, ha logrado mantener a muchos seguidores.<\/p>\n<p><iframe loading=\"lazy\" src=\"https:\/\/www.youtube.com\/embed\/xmzSJGaA7oU\" frameborder=\"0\" allowfullscreen=\"allowfullscreen\"><\/iframe><\/p>\n<p><span style=\"color: #ff0000;\"><strong>VIDEO<\/strong>: TOP5\u00a0| Goles de la\u00a0<strong>jornada\u00a013<\/strong>\u00a0del\u00a0<strong>Clausura del 2016<\/strong>:<\/span><\/p>\n<p>[video_player]https:\/\/player.vimeo.com\/external\/162388750.hd.mp4?s=a2c16dbaca7e70cc2ae85137d3890212e292fc8b&amp;profile_id=174[\/video_player]<\/p>\n","protected":false},"excerpt":{"rendered":"<p>Las cosas que no le gustan al p\u00fablico, en las transmisiones nacionales<\/p>\n","protected":false},"author":20,"featured_media":387655,"comment_status":"closed","ping_status":"closed","sticky":false,"template":"","format":"standard","meta":[],"categories":[5419,5418],"tags":[5460,5448,1490,4722,4665],"_links":{"self":[{"href":"http:\/\/desarrollo.grupomedios.com\/futbol\/wp-json\/wp\/v2\/posts\/387652"}],"collection":[{"href":"http:\/\/desarrollo.grupomedios.com\/futbol\/wp-json\/wp\/v2\/posts"}],"about":[{"href":"http:\/\/desarrollo.grupomedios.com\/futbol\/wp-json\/wp\/v2\/types\/post"}],"author":[{"embeddable":true,"href":"http:\/\/desarrollo.grupomedios.com\/futbol\/wp-json\/wp\/v2\/users\/20"}],"replies":[{"embeddable":true,"href":"http:\/\/desarrollo.grupomedios.com\/futbol\/wp-json\/wp\/v2\/comments?post=387652"}],"version-history":[{"count":0,"href":"http:\/\/desarrollo.grupomedios.com\/futbol\/wp-json\/wp\/v2\/posts\/387652\/revisions"}],"wp:featuredmedia":[{"embeddable":true,"href":"http:\/\/desarrollo.grupomedios.com\/futbol\/wp-json\/wp\/v2\/media\/387655"}],"wp:attachment":[{"href":"http:\/\/desarrollo.grupomedios.com\/futbol\/wp-json\/wp\/v2\/media?parent=387652"}],"wp:term":[{"taxonomy":"category","embeddable":true,"href":"http:\/\/desarrollo.grupomedios.com\/futbol\/wp-json\/wp\/v2\/categories?post=387652"},{"taxonomy":"post_tag","embeddable":true,"href":"http:\/\/desarrollo.grupomedios.com\/futbol\/wp-json\/wp\/v2\/tags?post=387652"}],"curies":[{"name":"wp","href":"https:\/\/api.w.org\/{rel}","templated":true}]}}