{"id":387663,"date":"2016-04-11T14:55:06","date_gmt":"2016-04-11T20:55:06","guid":{"rendered":"http:\/\/www.futboltotal.com.mx\/?p=387663"},"modified":"2016-04-11T15:56:54","modified_gmt":"2016-04-11T21:56:54","slug":"psg-stoke-city-buscan-a-gignac","status":"publish","type":"post","link":"http:\/\/desarrollo.grupomedios.com\/futbol\/destacado-home\/psg-stoke-city-buscan-a-gignac\/2016\/04","title":{"rendered":"\u00a1Podero$o de Francia busca a Gignac!"},"content":{"rendered":"<p>El goleador franc\u00e9s\u00a0<strong>Andr\u00e9-Pierre Gignac<\/strong>, jugador\u00a0de los\u00a0<strong><a href=\"http:\/\/www.futboltotal.com.mx\/equipos\/tigres\/\" target=\"_blank\">Tigres<\/a><\/strong>,\u00a0sigue causando sensaci\u00f3n tanto en la Liga MX como a nivel internacional, pues no s\u00f3lo la selecci\u00f3n de Francia est\u00e1 al pendiente de lo que haga el delantero, tambi\u00e9n hay clubes, interesados en los servicios del <em>Sayajin<\/em>.<\/p>\n<p>Medios europeos, colocan a <strong>Andr\u00e9-Pierre Gignac<\/strong> en la mira de un par de equipos del <em>Viejo Continente<\/em>, uno es de la patria del delantero, y el otro, de la Premier League. El primero\u00a0es\u00a0el <strong>Par\u00eds Saint Germain<\/strong>\u00a0y el segundo el <strong>Stoke City<\/strong>.<\/p>\n<p style=\"text-align: center;\"><span style=\"color: #3366ff;\"><strong><a style=\"color: #3366ff;\" href=\"http:\/\/www.futboltotal.com.mx\/2016\/04\/futbol-estufa-rumbo-al-apertura-2016\/\" target=\"_blank\">LEER M\u00c1S: Futbol de Estufa | Apertura 2016<\/a><\/strong><\/span><\/p>\n<p>El <strong>Stoke City<\/strong> recibe m\u00e1s goles de los que anota. Por ello, el equipo estar\u00eda en busca de un delantero certero, que los pusiera en una mejor posici\u00f3n en la Premier League. Por su parte el <strong>PSG<\/strong>, ve muy cerca la salida de Zlatan Ibrahimovic, as\u00ed que la llegada de <strong>Andr\u00e9-Pierre Gignac<\/strong>\u00a0ser\u00eda la m\u00e1s viable para ellos.<\/p>\n<p><strong>Andr\u00e9-Pierre Gignac<\/strong> lleva 24 goles en 32 partidos con <strong>Tigres<\/strong>\u00a0y es el m\u00e1ximo anotador del presente Clausura 2016, junto con Oribe Peralta; eso es lo que tiene contentos a <strong>Stoke City<\/strong> y <strong>PSG<\/strong>, pues dan fe de que la punter\u00eda del ariete, no ha decrecido.<\/p>\n<p><span style=\"color: #ff0000;\"><strong>VIDEO<\/strong>: TOP5\u00a0| Goles de la\u00a0<strong>jornada\u00a013<\/strong>\u00a0del\u00a0<strong>Clausura del 2016<\/strong>:<\/span><\/p>\n<p>[video_player]https:\/\/player.vimeo.com\/external\/162388750.hd.mp4?s=a2c16dbaca7e70cc2ae85137d3890212e292fc8b&amp;profile_id=174[\/video_player]<\/p>\n","protected":false},"excerpt":{"rendered":"<p>Equipos europeos tienen en la mira al delantero de Tigres<\/p>\n","protected":false},"author":20,"featured_media":387664,"comment_status":"closed","ping_status":"closed","sticky":false,"template":"","format":"standard","meta":[],"categories":[5,3839,2198,3845],"tags":[5564,4847,5973],"_links":{"self":[{"href":"http:\/\/desarrollo.grupomedios.com\/futbol\/wp-json\/wp\/v2\/posts\/387663"}],"collection":[{"href":"http:\/\/desarrollo.grupomedios.com\/futbol\/wp-json\/wp\/v2\/posts"}],"about":[{"href":"http:\/\/desarrollo.grupomedios.com\/futbol\/wp-json\/wp\/v2\/types\/post"}],"author":[{"embeddable":true,"href":"http:\/\/desarrollo.grupomedios.com\/futbol\/wp-json\/wp\/v2\/users\/20"}],"replies":[{"embeddable":true,"href":"http:\/\/desarrollo.grupomedios.com\/futbol\/wp-json\/wp\/v2\/comments?post=387663"}],"version-history":[{"count":0,"href":"http:\/\/desarrollo.grupomedios.com\/futbol\/wp-json\/wp\/v2\/posts\/387663\/revisions"}],"wp:featuredmedia":[{"embeddable":true,"href":"http:\/\/desarrollo.grupomedios.com\/futbol\/wp-json\/wp\/v2\/media\/387664"}],"wp:attachment":[{"href":"http:\/\/desarrollo.grupomedios.com\/futbol\/wp-json\/wp\/v2\/media?parent=387663"}],"wp:term":[{"taxonomy":"category","embeddable":true,"href":"http:\/\/desarrollo.grupomedios.com\/futbol\/wp-json\/wp\/v2\/categories?post=387663"},{"taxonomy":"post_tag","embeddable":true,"href":"http:\/\/desarrollo.grupomedios.com\/futbol\/wp-json\/wp\/v2\/tags?post=387663"}],"curies":[{"name":"wp","href":"https:\/\/api.w.org\/{rel}","templated":true}]}}