{"id":387735,"date":"2016-04-11T20:25:13","date_gmt":"2016-04-12T02:25:13","guid":{"rendered":"http:\/\/www.futboltotal.com.mx\/?p=387735"},"modified":"2016-04-11T20:35:08","modified_gmt":"2016-04-12T02:35:08","slug":"corrupcion-en-la-liga-mx-decio-maria","status":"publish","type":"post","link":"http:\/\/desarrollo.grupomedios.com\/futbol\/destacado-home\/corrupcion-en-la-liga-mx-decio-maria\/2016\/04","title":{"rendered":"No hay corrupci\u00f3n en M\u00e9xico: Decio de Mar\u00eda"},"content":{"rendered":"<p>El titular de la Federaci\u00f3n Mexicana de Futbol, <strong>Decio de Mar\u00eda<\/strong>, explic\u00f3 en una entrevista, que M\u00e9xico no est\u00e1 vinculado a las investigaciones por corrupci\u00f3n en las que est\u00e1 implicada la FIFA; debido al convenio de la <strong><a href=\"http:\/\/www.futboltotal.com.mx\/futbol-mexicano\/\" target=\"_blank\">Liga MX<\/a><\/strong> y la <strong><a href=\"http:\/\/www.futboltotal.com.mx\/futbol-mexicano\/seleccion-mexicana\/\" target=\"_blank\">Selecci\u00f3n Mexicana<\/a><\/strong>, con las televisoras locales.<\/p>\n<p>De acuerdo a <strong>Decio de Mar\u00eda<\/strong>, la mayor\u00eda de los casos de investigaci\u00f3n por corrupci\u00f3n vinculados a la FIFA, se deben a los tratos con las televisoras, que muchas veces fueron hechos de forma il\u00edcita, en varias federaciones; pero que en el caso de M\u00e9xico, siempre ha habido transparencia sobre qui\u00e9nes transmiten los partidos.<\/p>\n<p style=\"text-align: center;\"><span style=\"color: #3366ff;\"><strong><a style=\"color: #3366ff;\" href=\"http:\/\/www.futboltotal.com.mx\/2016\/04\/toluca-vs-veracruz-a-las-1245-del-sabado\/\" target=\"_blank\">LEER M\u00c1S: Habr\u00e1 otro cambio de horario inusual en el Clausura 2016<\/a><\/strong><\/span><\/p>\n<p>&#8220;El origen de toda esa gran parte de corrupci\u00f3n son los derechos de televisi\u00f3n de las federaciones, vendidos a terceros y esos terceros generaban un ingreso mayor y ah\u00ed ten\u00edan el principio b\u00e1sico de la corrupci\u00f3n: el repartir el dinero. En M\u00e9xico as\u00ed no sucede. Desde hace muchos a\u00f1os nosotros no le vendemos derechos a nadie; la asamblea es la que le vende directamente los derechos de televisi\u00f3n a las televisoras, en este caso a <em>TV Azteca<\/em> y <em>Televisa<\/em>&#8220;, se\u00f1al\u00f3 Decio de Mar\u00eda, en entrevista con la cadena <em>ESPN<\/em>.<\/p>\n<p><span style=\"color: #ff0000;\"><strong>VIDEO<\/strong>: TOP5\u00a0| Goles de la\u00a0<strong>jornada\u00a013<\/strong>\u00a0del\u00a0<strong>Clausura del 2016<\/strong>:<\/span><\/p>\n<p>[video_player]https:\/\/player.vimeo.com\/external\/162388750.hd.mp4?s=a2c16dbaca7e70cc2ae85137d3890212e292fc8b&amp;profile_id=174[\/video_player]<\/p>\n","protected":false},"excerpt":{"rendered":"<p>Todo es gracias al convenio con Televisa y TV Azteca<\/p>\n","protected":false},"author":20,"featured_media":387736,"comment_status":"closed","ping_status":"closed","sticky":false,"template":"","format":"standard","meta":[],"categories":[5419,5,2198,3845],"tags":[1097,956,64],"_links":{"self":[{"href":"http:\/\/desarrollo.grupomedios.com\/futbol\/wp-json\/wp\/v2\/posts\/387735"}],"collection":[{"href":"http:\/\/desarrollo.grupomedios.com\/futbol\/wp-json\/wp\/v2\/posts"}],"about":[{"href":"http:\/\/desarrollo.grupomedios.com\/futbol\/wp-json\/wp\/v2\/types\/post"}],"author":[{"embeddable":true,"href":"http:\/\/desarrollo.grupomedios.com\/futbol\/wp-json\/wp\/v2\/users\/20"}],"replies":[{"embeddable":true,"href":"http:\/\/desarrollo.grupomedios.com\/futbol\/wp-json\/wp\/v2\/comments?post=387735"}],"version-history":[{"count":0,"href":"http:\/\/desarrollo.grupomedios.com\/futbol\/wp-json\/wp\/v2\/posts\/387735\/revisions"}],"wp:featuredmedia":[{"embeddable":true,"href":"http:\/\/desarrollo.grupomedios.com\/futbol\/wp-json\/wp\/v2\/media\/387736"}],"wp:attachment":[{"href":"http:\/\/desarrollo.grupomedios.com\/futbol\/wp-json\/wp\/v2\/media?parent=387735"}],"wp:term":[{"taxonomy":"category","embeddable":true,"href":"http:\/\/desarrollo.grupomedios.com\/futbol\/wp-json\/wp\/v2\/categories?post=387735"},{"taxonomy":"post_tag","embeddable":true,"href":"http:\/\/desarrollo.grupomedios.com\/futbol\/wp-json\/wp\/v2\/tags?post=387735"}],"curies":[{"name":"wp","href":"https:\/\/api.w.org\/{rel}","templated":true}]}}