{"id":387782,"date":"2016-04-12T12:22:35","date_gmt":"2016-04-12T18:22:35","guid":{"rendered":"http:\/\/www.futboltotal.com.mx\/?p=387782"},"modified":"2016-04-12T12:22:35","modified_gmt":"2016-04-12T18:22:35","slug":"guti-le-pega-a-pique-uso-twitter","status":"publish","type":"post","link":"http:\/\/desarrollo.grupomedios.com\/futbol\/futbol-internacional\/guti-le-pega-a-pique-uso-twitter\/2016\/04","title":{"rendered":"Guti le pega con todo a Piqu\u00e9 por su uso de Twitter"},"content":{"rendered":"<p>La guerra tuitera entre <strong><span style=\"color: #3366ff;\"><a style=\"color: #3366ff;\" href=\"http:\/\/www.futboltotal.com.mx\/2016\/04\/arbeloa-se-burla-pique-barcelona-en-twitter\/\">Piqu\u00e9 y Arbeloa<\/a> <\/span><\/strong>suscitada tras una nueva derrota del Barcelona en la Liga Espa\u00f1ola acumul\u00f3\u00a0un nuevo cap\u00edtulo en la noche del lunes con Guti inmerso en el l\u00edo.<\/p>\n<p style=\"text-align: center;\"><strong><span style=\"color: #3366ff;\"><a style=\"color: #3366ff;\" href=\"http:\/\/www.futboltotal.com.mx\/2016\/04\/chicharito-marco-fabian-invitan-a-ver-duelo-en-bundesliga\/\">LEER M\u00c1S: Chicharito trollea a Marco Fabi\u00e1n<\/a><\/span><\/strong><\/p>\n<p><span style=\"line-height: 1.5;\">El exReal Madrid\u00a0sali\u00f3 a defender al lateral madridista en <em>El Chiringuito de Jugones\u00a0<\/em>con una cr\u00edtica dura para <strong>Piqu\u00e9<\/strong><em>.\u00a0<\/em>&#8220;T\u00fa eres el m\u00e1s graciosito del mundo cuando el Madrid pierde y cuando lo hace el Bar\u00e7a, \u00bfnadie puede escribir un tuit sobre ello?. Tambi\u00e9n hay que ser un hombre y encajar esos tuits cuando pierdes. Se ha pasado de la raya. Son demasidas veces. Lo de Piqu\u00e9 ya clama al cielo. En mi vida he visto a un jugador del Madrid o del Bar\u00e7a, estando en activo, faltar tanto el respeto a un compa\u00f1ero de profesi\u00f3n. Ya basta con Piqu\u00e9. No puede hablar de Arbeloa como lo ha hecho, hasta en el Barcelona deber\u00edan llamarle la atenci\u00f3n&#8221;.<\/span><\/p>\n<p>&#8220;Una cosa es que \u00e9l se alegre de que el Madrid pierda, como yo lo hago cuando palma el Bar\u00e7a, y otra cosa es que hable as\u00ed de un compa\u00f1ero de profesi\u00f3n. No ha aprendido nada de Xavi o Puyol. El personaje se ha comido al futbolista. \u00bfDesde cu\u00e1ndo no hablamos de Piqu\u00e9 por sus actuaciones en el terreno de juego? <strong>Piqu\u00e9<\/strong> lleva un a\u00f1o siendo noticia por todo lo extradeportivo&#8230;&#8221;, abund\u00f3 Guti en su incursi\u00f3n en el programa de alto rating por las noches de lunes.<\/p>\n","protected":false},"excerpt":{"rendered":"<p>El exReal Madrid considera que el catal\u00e1n se esconde cuando le conviene <\/p>\n","protected":false},"author":20,"featured_media":387791,"comment_status":"closed","ping_status":"closed","sticky":false,"template":"","format":"standard","meta":[],"categories":[5419,3839,3844],"tags":[688,841,584],"_links":{"self":[{"href":"http:\/\/desarrollo.grupomedios.com\/futbol\/wp-json\/wp\/v2\/posts\/387782"}],"collection":[{"href":"http:\/\/desarrollo.grupomedios.com\/futbol\/wp-json\/wp\/v2\/posts"}],"about":[{"href":"http:\/\/desarrollo.grupomedios.com\/futbol\/wp-json\/wp\/v2\/types\/post"}],"author":[{"embeddable":true,"href":"http:\/\/desarrollo.grupomedios.com\/futbol\/wp-json\/wp\/v2\/users\/20"}],"replies":[{"embeddable":true,"href":"http:\/\/desarrollo.grupomedios.com\/futbol\/wp-json\/wp\/v2\/comments?post=387782"}],"version-history":[{"count":0,"href":"http:\/\/desarrollo.grupomedios.com\/futbol\/wp-json\/wp\/v2\/posts\/387782\/revisions"}],"wp:featuredmedia":[{"embeddable":true,"href":"http:\/\/desarrollo.grupomedios.com\/futbol\/wp-json\/wp\/v2\/media\/387791"}],"wp:attachment":[{"href":"http:\/\/desarrollo.grupomedios.com\/futbol\/wp-json\/wp\/v2\/media?parent=387782"}],"wp:term":[{"taxonomy":"category","embeddable":true,"href":"http:\/\/desarrollo.grupomedios.com\/futbol\/wp-json\/wp\/v2\/categories?post=387782"},{"taxonomy":"post_tag","embeddable":true,"href":"http:\/\/desarrollo.grupomedios.com\/futbol\/wp-json\/wp\/v2\/tags?post=387782"}],"curies":[{"name":"wp","href":"https:\/\/api.w.org\/{rel}","templated":true}]}}