{"id":387925,"date":"2016-04-12T15:22:53","date_gmt":"2016-04-12T21:22:53","guid":{"rendered":"http:\/\/www.futboltotal.com.mx\/?p=387925"},"modified":"2016-04-12T15:22:53","modified_gmt":"2016-04-12T21:22:53","slug":"los-elogios-sergio-ramos-cristiano","status":"publish","type":"post","link":"http:\/\/desarrollo.grupomedios.com\/futbol\/futbol-internacional\/los-elogios-sergio-ramos-cristiano\/2016\/04","title":{"rendered":"&#8220;Cris se merec\u00eda una noche m\u00e1gica&#8221;: Ramos"},"content":{"rendered":"<p><span style=\"color: #000000;\"><strong>Sergio Ramos<\/strong> se mostr\u00f3 feliz, extasiado. Emocionado por<\/span> <strong><span style=\"color: #3366ff;\"><a style=\"color: #3366ff;\" href=\"http:\/\/www.futboltotal.com.mx\/2016\/04\/en-vivo-real-madrid-vs-wolfsburgo-champions\/\">la noche de la remontada<\/a>\u00a0<\/span><\/strong><span style=\"color: #000000;\">y no dud\u00f3 en se\u00f1alar a la afici\u00f3n como parte fundamental para el \u00e9xito <em>merengue<\/em>.\u00a0<\/span><\/p>\n<p>&#8220;Ha sido una pasada desde el primer minuto hasta el \u00faltimo y hay que agradec\u00e9rselo. Son uno m\u00e1s y ese cari\u00f1o y apoyo, esa confianza en el equipo es fundamental. Se lo merec\u00edan despu\u00e9s del \u00faltimo partido que hicimos&#8221;, inici\u00f3 Ramos con su an\u00e1lisis express de la voltereta del Madrid.<\/p>\n<p style=\"text-align: center;\"><strong><span style=\"color: #3366ff;\"><a style=\"color: #3366ff;\" href=\"http:\/\/www.futboltotal.com.mx\/2016\/04\/en-vivo-real-madrid-vs-wolfsburgo-champions\/\">LEER M\u00c1S: AS\u00cd SE VIVI\u00d3 | Real Madrid 3-0 Wolfsburgo<\/a><\/span><\/strong><\/p>\n<p>Pero hubo un h\u00e9roe, al que no se puede negar que est\u00e1 en un fant\u00e1stico nivel: <strong>Cristiano Ronaldo<\/strong>. Sergio Ramos consider\u00f3 que el 7 fue capital y que la noche espectacular en lo individual se lo merece porque es el m\u00e1s talentoso del mundo.<\/p>\n<p>&#8220;A pesar de algunas rachas sin goles, siempre es importante como goleador y un icono nuestro. Cris se merec\u00eda una noche m\u00e1gica. Le necesitamos, lo da todo por este escudo, lleva mucho demostrando que es el n\u00famero uno y cuando est\u00e1 bien se nota.<\/p>\n<p>Ramos fue elogiado sobre su estado de forma y no vacil\u00f3 al decir que se siente c\u00f3modo, como le gusta. &#8220;Me siento bien y satisfecho. Ha sido una temporada complicada para m\u00ed, he jugado muchos partidos con dolor y necesitaba una noche como esta&#8221;.<\/p>\n","protected":false},"excerpt":{"rendered":"<p>El h\u00e9roe de la D\u00e9cima indic\u00f3 que el n\u00famero uno merece eso y m\u00e1s <\/p>\n","protected":false},"author":20,"featured_media":387936,"comment_status":"closed","ping_status":"closed","sticky":false,"template":"","format":"standard","meta":[],"categories":[3841,3839,5951],"tags":[36,6013,5988,6020],"_links":{"self":[{"href":"http:\/\/desarrollo.grupomedios.com\/futbol\/wp-json\/wp\/v2\/posts\/387925"}],"collection":[{"href":"http:\/\/desarrollo.grupomedios.com\/futbol\/wp-json\/wp\/v2\/posts"}],"about":[{"href":"http:\/\/desarrollo.grupomedios.com\/futbol\/wp-json\/wp\/v2\/types\/post"}],"author":[{"embeddable":true,"href":"http:\/\/desarrollo.grupomedios.com\/futbol\/wp-json\/wp\/v2\/users\/20"}],"replies":[{"embeddable":true,"href":"http:\/\/desarrollo.grupomedios.com\/futbol\/wp-json\/wp\/v2\/comments?post=387925"}],"version-history":[{"count":0,"href":"http:\/\/desarrollo.grupomedios.com\/futbol\/wp-json\/wp\/v2\/posts\/387925\/revisions"}],"wp:featuredmedia":[{"embeddable":true,"href":"http:\/\/desarrollo.grupomedios.com\/futbol\/wp-json\/wp\/v2\/media\/387936"}],"wp:attachment":[{"href":"http:\/\/desarrollo.grupomedios.com\/futbol\/wp-json\/wp\/v2\/media?parent=387925"}],"wp:term":[{"taxonomy":"category","embeddable":true,"href":"http:\/\/desarrollo.grupomedios.com\/futbol\/wp-json\/wp\/v2\/categories?post=387925"},{"taxonomy":"post_tag","embeddable":true,"href":"http:\/\/desarrollo.grupomedios.com\/futbol\/wp-json\/wp\/v2\/tags?post=387925"}],"curies":[{"name":"wp","href":"https:\/\/api.w.org\/{rel}","templated":true}]}}