{"id":387989,"date":"2016-04-13T16:53:23","date_gmt":"2016-04-13T22:53:23","guid":{"rendered":"http:\/\/www.futboltotal.com.mx\/?p=387989"},"modified":"2016-04-13T18:40:43","modified_gmt":"2016-04-14T00:40:43","slug":"en-vivo-emelec-vs-pumas-copa-libertadores","status":"publish","type":"post","link":"http:\/\/desarrollo.grupomedios.com\/futbol\/futbol-internacional\/en-vivo-emelec-vs-pumas-copa-libertadores\/2016\/04","title":{"rendered":"AS\u00cd SE VIVI\u00d3 | Emelec 2-3 Pumas | Copa Libertadores"},"content":{"rendered":"<p><span style=\"color: #ff0000;\">93:00<\/span> | Final del partido. Pumas confirma su liderato.<\/p>\n<p><span style=\"color: #ff0000;\">90:00<\/span> | Se agregan tres minutos.<\/p>\n<p><span style=\"color: #ff0000;\">87:00<\/span> | \u00a0\u00a1La fall\u00f3! Matamoros la estrell\u00f3 en el poste.<\/p>\n<p><span style=\"color: #ff0000;\">86:00<\/span> | \u00a1Uy! Sald\u00edvar cometi\u00f3 penal y se gan\u00f3 la amarilla.<\/p>\n<p><span style=\"color: #ff0000;\">83:00<\/span> | Segundo cambio de Pumas, se va Ludue\u00f1a e ingresa Alfonso Nieto.<\/p>\n<p><span style=\"color: #ff0000;\">77:00<\/span> | Derribaron a Fidel en el \u00e1rea pero el \u00e1rbitro no marc\u00f3 nada.<\/p>\n<p><span style=\"color: #ff0000;\">73:00<\/span> |Memo V\u00e1zquez no aguant\u00f3 m\u00e1s y sac\u00f3 a Montero que se salv\u00f3 de la roja y meti\u00f3 a Jes\u00fas Gallardo.<\/p>\n<p><span style=\"color: #ff0000;\">71:00<\/span> | \u00a1Gooooooool del Emelec! Guanca cobr\u00f3 perfecto el penal.<\/p>\n<blockquote class=\"twitter-tweet\" data-lang=\"es\">\n<p dir=\"ltr\" lang=\"es\">GOOOOOOOOL DE GUANCA DESDE EL PUNTO PENAL <a href=\"https:\/\/t.co\/7J59P9Y3Fm\">https:\/\/t.co\/7J59P9Y3Fm<\/a><a href=\"https:\/\/twitter.com\/hashtag\/Emelec?src=hash\">#Emelec<\/a> 2-3 <a href=\"https:\/\/twitter.com\/hashtag\/Pumas?src=hash\">#Pumas<\/a> <a href=\"https:\/\/twitter.com\/hashtag\/CopaLibertadores?src=hash\">#CopaLibertadores<\/a><\/p>\n<p>\u2014 Mundo Liga MX (@MundoLigaMX) <a href=\"https:\/\/twitter.com\/MundoLigaMX\/status\/720401210495352832\">14 de abril de 2016<\/a><\/p><\/blockquote>\n<p><script src=\"\/\/platform.twitter.com\/widgets.js\" async=\"\" charset=\"utf-8\"><\/script><br \/>\n <span style=\"color: #ff0000;\">70:00<\/span> | \u00a1Uy! Otra vez Montero, cometi\u00f3 penal.<\/p>\n<p><span style=\"color: #ff0000;\">67:00<\/span> | Gim\u00e9nez lleg\u00f3 desde atr\u00e1s, pero su remate con la cabeza se fue por un lado de la porter\u00eda.<\/p>\n<p><span style=\"color: #ff0000;\">63:00<\/span> | \u00daltimo cambio del Emelec se sali\u00f3\u00a0Stracqualursi y entr\u00f3 Brayan Angulo.<\/p>\n<p><span style=\"color: #ff0000;\">62:00<\/span> | Segundo cambio del Emelec, se fue Nazareno e ingres\u00f3 Fernando Gim\u00e9nez.<\/p>\n<p><span style=\"color: #ff0000;\">60:00<\/span> | \u00a1Gooooooool de Pumas! Dante se la dej\u00f3 a Fidel que le peg\u00f3 con derecha y ampli\u00f3 la ventaja felina.<\/p>\n<blockquote class=\"twitter-tweet\" data-lang=\"es\"><p>\nAs\u00ed le peg\u00f3 de derecha <a href=\"https:\/\/twitter.com\/FMalegriatrevi7\">@FMalegriatrevi7<\/a> para el 3-1 <a href=\"https:\/\/t.co\/di6l5FOxuw\">pic.twitter.com\/di6l5FOxuw<\/a><\/p>\n<p>\u2014 Noti Goya (@NotiGoya) <a href=\"https:\/\/twitter.com\/NotiGoya\/status\/720398968375484416\">13 de abril de 2016<\/a>\n<\/p><\/blockquote>\n<p><script src=\"\/\/platform.twitter.com\/widgets.js\" async=\"\" charset=\"utf-8\"><\/script><\/p>\n<p><span style=\"color: #ff0000;\">57:00<\/span> | Cambio del Emelec se va Gaibor e ingresa Javier Charcopa.<\/p>\n<p><span style=\"color: #ff0000;\">52:00<\/span> | Los Universitarios tienen exceso de confianza que les genera problemas defensivos.<\/p>\n<p><span style=\"color: #ff0000;\">49:00<\/span> | Ludue\u00f1a intent\u00f3 sorprender a Deer con un tiro libre, pero el arquero detuvo la pelota sin problemas.<\/p>\n<p><span style=\"color: #ff0000;\">45:00<\/span> | Inicia el segundo tiempo.<\/p>\n<p><span style=\"color: #ff0000;\">45:00<\/span> | Acaba el primer tiempo.<\/p>\n<p><span style=\"color: #ff0000;\">45:00<\/span> | \u00a1Goooooooool de Emelec! Matamoros la meti\u00f3 de tiro libre.<\/p>\n<blockquote class=\"twitter-tweet\" data-lang=\"es\"><p>GOLAZOOO DEL <a href=\"https:\/\/twitter.com\/hashtag\/Emelec?src=hash\">#Emelec<\/a> Matamoros descuenta antes del medio tiempo 1-2 lo gana <a href=\"https:\/\/twitter.com\/hashtag\/PumasEnLibertadores?src=hash\">#PumasEnLibertadores<\/a> <a href=\"https:\/\/t.co\/f7kegQYwlg\">pic.twitter.com\/f7kegQYwlg<\/a><\/p>\n<p>\u2014 90 Minut\u26bd\ufe0fs Mexico (@90minutosMex) <a href=\"https:\/\/twitter.com\/90minutosMex\/status\/720393799948570627\">13 de abril de 2016<\/a><\/p><\/blockquote>\n<p><script src=\"\/\/platform.twitter.com\/widgets.js\" async=\"\" charset=\"utf-8\"><\/script><\/p>\n<p><span style=\"color: #ff0000;\">40:00<\/span> | Emelec mantiene la presi\u00f3n pero carece de ideas ofensivas.<\/p>\n<p><span style=\"color: #ff0000;\">36:00<\/span> | \u00a1Atajad\u00f3n de Deer! Ludue\u00f1a le peg\u00f3 en un gol cantado, peor el arquero desvi\u00f3 el esf\u00e9rico.<\/p>\n<p><span style=\"color: #ff0000;\">35:00<\/span> | \u00a1Goooooooool de Pumas! Fidel Mart\u00ednez dej\u00f3 completamente solo a Qui\u00f1ones que no desperdici\u00f3 la oportunidad.<\/p>\n<blockquote class=\"twitter-tweet\" data-lang=\"es\"><p>\n<a href=\"https:\/\/twitter.com\/hashtag\/PumasEnLibertadores?src=hash\">#PumasEnLibertadores<\/a> Goooool de Qui\u00f1ones <a href=\"https:\/\/twitter.com\/PumasMX\">@PumasMX<\/a> 2-0 <a href=\"https:\/\/twitter.com\/hashtag\/Emelec?src=hash\">#Emelec<\/a><a href=\"https:\/\/t.co\/oAs4qEJ7rf\">https:\/\/t.co\/oAs4qEJ7rf<\/a><\/p>\n<p>\u2014 Jos\u00e9 Carlos (@JoseCarlos_RB) <a href=\"https:\/\/twitter.com\/JoseCarlos_RB\/status\/720387837623832576\">13 de abril de 2016<\/a>\n<\/p><\/blockquote>\n<p><script src=\"\/\/platform.twitter.com\/widgets.js\" async=\"\" charset=\"utf-8\"><\/script><\/p>\n<p><span style=\"color: #ff0000;\">33:30<\/span> | Pumas sigue perdonando, ahora fue Fidel el que no pudo empujarla a puerta.<\/p>\n<p><span style=\"color: #ff0000;\">29:00<\/span> | \u00a1Noooo! Dante L\u00f3pez hizo lo dif\u00edcil y fall\u00f3 lo f\u00e1cil, porque se quit\u00f3 a dos defensas y perdi\u00f3 en el mano a mano con Deer.<\/p>\n<p><span style=\"color: #ff0000;\">25:00<\/span> | Arturo Montero cometi\u00f3 la novatada, hizo una falta en los linderos del \u00e1rea y se gan\u00f3 a la amarilla.<\/p>\n<p><span style=\"color: #ff0000;\">23:00<\/span> | Ante la presi\u00f3n ecuatoriana, Ludue\u00f1a le da tranquilidad a los Auriazules.<\/p>\n<p><span style=\"color: #ff0000;\">20:00<\/span> | Como contra Le\u00f3n, Van Rankin se estaba complicando la vida, pero lleg\u00f3 Quintana para resolver.<\/p>\n<p><span style=\"color: #ff0000;\">16:00<\/span> | A pesar de la desventaja, Emelec mantiene la posesi\u00f3n de la pelota, pero no es peligroso.<\/p>\n<p><span style=\"color: #ff0000;\">12:00<\/span> | \u00a1Goooooooooool de Pumas! Ahora si, Fidel Mart\u00ednez se benefici\u00f3 de un rebote, qued\u00f3 mano a mano con Deer y abri\u00f3 el marcador.<\/p>\n<blockquote class=\"twitter-tweet\" data-lang=\"es\"><p>GOOOOOOOOOOL DE FIDEL MART\u00cdNEZ <a href=\"https:\/\/t.co\/dZg8LrdLHt\">https:\/\/t.co\/dZg8LrdLHt<\/a><\/p>\n<p>13&#8242;<a href=\"https:\/\/twitter.com\/hashtag\/Emelec?src=hash\">#Emelec<\/a> 0-1 <a href=\"https:\/\/twitter.com\/hashtag\/Pumas?src=hash\">#Pumas<\/a><a href=\"https:\/\/twitter.com\/hashtag\/CopaLibertadores?src=hash\">#CopaLibertadores<\/a><\/p>\n<p>\u2014 Mundo Liga MX (@MundoLigaMX) <a href=\"https:\/\/twitter.com\/MundoLigaMX\/status\/720382049446703104\">13 de abril de 2016<\/a><\/p><\/blockquote>\n<p><script src=\"\/\/platform.twitter.com\/widgets.js\" async=\"\" charset=\"utf-8\"><\/script><\/p>\n<p><span style=\"color: #ff0000;\">11:00<\/span> | \u00a1Gooooo&#8230; nada! Fidel Mart\u00ednez celebraba el primero de la tarde, pero se marc\u00f3 fuera de juego.<\/p>\n<p><span style=\"color: #ff0000;\">07:00<\/span> | Emelec comienza a adue\u00f1arse de la pelota, pero no pasa de medio campo.<\/p>\n<p><span style=\"color: #ff0000;\">04:00<\/span> | \u00a1Uf! Gaibor lleg\u00f3 desde atr\u00e1s y le dio un fierrazo, pero su disparo se fue por un lado de la meta.<\/p>\n<p><span style=\"color: #ff0000;\">02:00<\/span> | \u00a1Uy! Qui\u00f1ones y Fidel triangularon perfecto, pero Dante remat\u00f3 a las manos del portero.<\/p>\n<p><span style=\"color: #ff0000;\">00:00<\/span> | \u00a1Arranca el partido! Pumas busca mejorar su posici\u00f3n en la clasificaci\u00f3n general.<\/p>\n<p>Alineaci\u00f3n Pumas:Saldivar, Van Rankin, Quintana, Castro, Montero, Ludue\u00f1a, Qui\u00f1ones, Ruiz, Cabrera, L\u00f3pez y Mart\u00ednez.<\/p>\n<p>Alineaci\u00f3n Emelec:\u00a0Dreer, Moreno, Qui\u00f1\u00f3nez, Achilier, Nazareno, Gaibor, Le\u00f3n, Burbano, Matamoros, Stracqualursi y Guanca.<\/p>\n<p>Este mi\u00e9rcoles 13 de abril, <strong><a href=\"http:\/\/www.futboltotal.com.mx\/equipos\/unam\/\" target=\"_blank\">Pumas<\/a><\/strong> cierra su actividad en la fase de grupos de la <strong>Copa Libertadores<\/strong>, al visitar al <strong>Emelec<\/strong> de Ecuador, a las 17:30 horas, en un encuentro donde esperan terminar de forma decorosa la primera etapa del torneo, ya que, dif\u00edcilmente les quitar\u00e1n el primer lugar de su sector.<\/p>\n<p><strong>Pumas<\/strong> tiene 12 unidades y lidera el grupo 7, detr\u00e1s de ellos se encuentra el Deportivo T\u00e1chira, con nueve puntos, tambi\u00e9n calificado a la siguiente fase; con cuatro unidades, Emelec y Olimpia, se ubican en la tercera y cuarta posici\u00f3n, respectivamente.<\/p>\n<p>Tanto <strong>Pumas<\/strong> como el Deportivo T\u00e1chira se encuentran en la siguiente ronda, as\u00ed que lo \u00fanico que pueden pelear sus adversarios, es intentar arruinar el cierre de ambos equipos. Mientras que la pelea por saber qui\u00e9n termina como l\u00edder del grupo tambi\u00e9n est\u00e1 casi definida, pues la diferencia de goles entre los <em>auriazules<\/em> y venezolanos, es de nueve tantos a favor de los universitarios.<\/p>\n<p><strong>Pumas<\/strong> tendr\u00eda que ser goleado por m\u00e1s de siete goles y esperar a que el Deportivo T\u00e1chira venciera por dos tantos de diferencia en su partido, para perder la cima del grupo siete; de lo contrario, cualquier resultado de la escuadra dirigida por Guillermo V\u00e1zquez, lo mantendr\u00e1 como el primer lugar de su sector.<\/p>\n<p><strong>Emelec<\/strong> fue el primer equipo al que enfrent\u00f3 <strong>Pumas<\/strong> en la <strong>Copa Libertadores<\/strong>, a quien venci\u00f3 por marcador de 4-2; y ahora en la ciudad de Guayaquil, los <em>auriazules<\/em> buscar\u00e1n repetir la dosis. Ya con el boleto a la siguiente fase, la UNAM querr\u00e1 volverle a dar prioridad al torneo local, de donde est\u00e1n alejados, de la zona de calificaci\u00f3n.<\/p>\n<p><strong>Emelec vs. Pumas<\/strong>, \u00bfcu\u00e1l es tu pron\u00f3stico, <em>crack<\/em>?<\/p>\n","protected":false},"excerpt":{"rendered":"<p>Los Felinos se afianzaron en la cima de su grupo<\/p>\n","protected":false},"author":20,"featured_media":388424,"comment_status":"closed","ping_status":"closed","sticky":false,"template":"","format":"standard","meta":[],"categories":[3859,3839],"tags":[1396,382,5928,74],"_links":{"self":[{"href":"http:\/\/desarrollo.grupomedios.com\/futbol\/wp-json\/wp\/v2\/posts\/387989"}],"collection":[{"href":"http:\/\/desarrollo.grupomedios.com\/futbol\/wp-json\/wp\/v2\/posts"}],"about":[{"href":"http:\/\/desarrollo.grupomedios.com\/futbol\/wp-json\/wp\/v2\/types\/post"}],"author":[{"embeddable":true,"href":"http:\/\/desarrollo.grupomedios.com\/futbol\/wp-json\/wp\/v2\/users\/20"}],"replies":[{"embeddable":true,"href":"http:\/\/desarrollo.grupomedios.com\/futbol\/wp-json\/wp\/v2\/comments?post=387989"}],"version-history":[{"count":0,"href":"http:\/\/desarrollo.grupomedios.com\/futbol\/wp-json\/wp\/v2\/posts\/387989\/revisions"}],"wp:featuredmedia":[{"embeddable":true,"href":"http:\/\/desarrollo.grupomedios.com\/futbol\/wp-json\/wp\/v2\/media\/388424"}],"wp:attachment":[{"href":"http:\/\/desarrollo.grupomedios.com\/futbol\/wp-json\/wp\/v2\/media?parent=387989"}],"wp:term":[{"taxonomy":"category","embeddable":true,"href":"http:\/\/desarrollo.grupomedios.com\/futbol\/wp-json\/wp\/v2\/categories?post=387989"},{"taxonomy":"post_tag","embeddable":true,"href":"http:\/\/desarrollo.grupomedios.com\/futbol\/wp-json\/wp\/v2\/tags?post=387989"}],"curies":[{"name":"wp","href":"https:\/\/api.w.org\/{rel}","templated":true}]}}