{"id":388007,"date":"2016-04-13T08:00:31","date_gmt":"2016-04-13T14:00:31","guid":{"rendered":"http:\/\/www.futboltotal.com.mx\/?p=388007"},"modified":"2016-04-13T08:56:03","modified_gmt":"2016-04-13T14:56:03","slug":"fracasan-en-liga-mx-triunfan-en-ascenso-mx","status":"publish","type":"post","link":"http:\/\/desarrollo.grupomedios.com\/futbol\/futbol-mexicano\/fracasan-en-liga-mx-triunfan-en-ascenso-mx\/2016\/04","title":{"rendered":"Fracasan en Liga MX, triunfan en el Ascenso MX"},"content":{"rendered":"<p>Aunque los futbolistas suelen decir que lo importante no es el plano individual, sino lo grupal; la realidad es que todos sue\u00f1an consolidarse en un equipo para ayudar a conseguir logros que presuman en un futuro. Hay algunos que lo consiguen y otros que el nivel de un torneo como la <strong><a href=\"http:\/\/www.futboltotal.com.mx\/futbol-mexicano\/\" target=\"_blank\">Liga MX<\/a><\/strong> les pesa y decepcionan, pero en una categor\u00eda inferior como el <strong>Ascenso MX<\/strong> logran convertirse en figura, como le sucedi\u00f3 al ecuatoriano <strong>Juan Anangon\u00f3<\/strong>, que este mi\u00e9rcoles cumple 27 a\u00f1os de edad.<\/p>\n<p><span style=\"color: #ff0000;\"><strong>Juan Anangon\u00f3<\/strong><\/span> | El ecuatoriano lleg\u00f3 como goleador, condici\u00f3n que no pudo demostrar e incluso se le culp\u00f3 en gran parte por el descenso de Leones Negros, sin embargo, los Melenudos le dieron la confianza y actualmente es el referente ofensivo, pues en el Apertura 2015 hizo seis goles, por los seis que suma en el Clausura 2016.<\/p>\n<p><a href=\"http:\/\/www.futboltotal.com.mx\/wp-content\/uploads\/2016\/04\/juan-anangono-leones-negros-noticias-1-1.jpg\" rel=\"attachment wp-att-388011\"><img decoding=\"async\" loading=\"lazy\" class=\"alignnone size-full wp-image-388011\" src=\"http:\/\/www.futboltotal.com.mx\/wp-content\/uploads\/2016\/04\/juan-anangono-leones-negros-noticias-1-1.jpg\" alt=\"juan-anangono-leones-negros-noticias-1\" srcset=\"http:\/\/desarrollo.grupomedios.com\/futbol\/wp-content\/uploads\/2016\/04\/juan-anangono-leones-negros-noticias-1-1.jpg 820w, http:\/\/desarrollo.grupomedios.com\/futbol\/wp-content\/uploads\/2016\/04\/juan-anangono-leones-negros-noticias-1-1-300x128.jpg 300w, http:\/\/desarrollo.grupomedios.com\/futbol\/wp-content\/uploads\/2016\/04\/juan-anangono-leones-negros-noticias-1-1-768x328.jpg 768w\" sizes=\"(max-width: 820px) 100vw, 820px\" \/><\/a><\/p>\n<p><span style=\"color: #ff0000;\"><strong>Armando Navarrete<\/strong><\/span> | Durante a\u00f1os esper\u00f3 su oportunidad en Am\u00e9rica, cuando le lleg\u00f3 tuvo la mala suerte de conformar uno de los planteles para olvido en la historia del club. Luego de deambular por escuadras como Atlante, Necaxa, Puebla, Irapuato; con Cimarrones logr\u00f3 consolidarse, aunque la actualidad del club no lo ayuda del todo.<\/p>\n<p><a href=\"http:\/\/www.futboltotal.com.mx\/wp-content\/uploads\/2016\/04\/juan-anangono-leones-negros-noticias-2.jpg\" rel=\"attachment wp-att-388012\"><img decoding=\"async\" loading=\"lazy\" class=\"alignnone size-full wp-image-388012\" src=\"http:\/\/www.futboltotal.com.mx\/wp-content\/uploads\/2016\/04\/juan-anangono-leones-negros-noticias-2.jpg\" alt=\"juan-anangono-leones-negros-noticias-2\" srcset=\"http:\/\/desarrollo.grupomedios.com\/futbol\/wp-content\/uploads\/2016\/04\/juan-anangono-leones-negros-noticias-2.jpg 820w, http:\/\/desarrollo.grupomedios.com\/futbol\/wp-content\/uploads\/2016\/04\/juan-anangono-leones-negros-noticias-2-300x128.jpg 300w, http:\/\/desarrollo.grupomedios.com\/futbol\/wp-content\/uploads\/2016\/04\/juan-anangono-leones-negros-noticias-2-768x328.jpg 768w\" sizes=\"(max-width: 820px) 100vw, 820px\" \/><\/a><\/p>\n<p><span style=\"color: #ff0000;\"><strong>Roberto Nurse<\/strong><\/span> | El paname\u00f1o lleg\u00f3 al extinto Colibr\u00edes en 2003, su falta de contundencia lo margin\u00f3 a la antesala del m\u00e1ximo circuito. Con Cruz Azul Hidalgo no se cans\u00f3 de romper redes rivales (20 goles en 47 partidos), cuota que increment\u00f3 con los Reboceros ya que se adjudic\u00f3 20 dianas en 31 cotejos. En Correcaminos mantuvo el nivel (35 tantos en 66 juegos) y con Dorados no decepcion\u00f3, por eso el Gran Pez lo conserv\u00f3 en su regreso a Primera Divisi\u00f3n, ah\u00ed el ariete s\u00f3lo firm\u00f3 cuatro anotaciones y regres\u00f3 al Ascenso ahora con Mineros donde suma cinco dianas.<\/p>\n<p><a href=\"http:\/\/www.futboltotal.com.mx\/wp-content\/uploads\/2016\/04\/juan-anangono-leones-negros-noticias-5.jpg\" rel=\"attachment wp-att-388013\"><img decoding=\"async\" loading=\"lazy\" class=\"alignnone size-full wp-image-388013\" src=\"http:\/\/www.futboltotal.com.mx\/wp-content\/uploads\/2016\/04\/juan-anangono-leones-negros-noticias-5.jpg\" alt=\"juan-anangono-leones-negros-noticias-5\" srcset=\"http:\/\/desarrollo.grupomedios.com\/futbol\/wp-content\/uploads\/2016\/04\/juan-anangono-leones-negros-noticias-5.jpg 820w, http:\/\/desarrollo.grupomedios.com\/futbol\/wp-content\/uploads\/2016\/04\/juan-anangono-leones-negros-noticias-5-300x128.jpg 300w, http:\/\/desarrollo.grupomedios.com\/futbol\/wp-content\/uploads\/2016\/04\/juan-anangono-leones-negros-noticias-5-768x328.jpg 768w\" sizes=\"(max-width: 820px) 100vw, 820px\" \/><\/a><\/p>\n<p><span style=\"color: #ff0000;\"><strong>Yosgart Guti\u00e9rrez<\/strong> <\/span>| Considerado como una \u201ceterna promesa\u201d, el arquero dej\u00f3 al Cruz Azul y Pumas para enfundarse en la camiseta del Necaxa, con los Rayos es titular indiscutible e gracias a sus atajadas el equipo presume la quinta mejor defensiva con 12 anotaciones permitidas.<\/p>\n<p><a href=\"http:\/\/www.futboltotal.com.mx\/wp-content\/uploads\/2016\/04\/juan-anangono-leones-negros-noticias-3.jpg\" rel=\"attachment wp-att-388014\"><img decoding=\"async\" loading=\"lazy\" class=\"alignnone size-full wp-image-388014\" src=\"http:\/\/www.futboltotal.com.mx\/wp-content\/uploads\/2016\/04\/juan-anangono-leones-negros-noticias-3.jpg\" alt=\"juan-anangono-leones-negros-noticias-3\" srcset=\"http:\/\/desarrollo.grupomedios.com\/futbol\/wp-content\/uploads\/2016\/04\/juan-anangono-leones-negros-noticias-3.jpg 820w, http:\/\/desarrollo.grupomedios.com\/futbol\/wp-content\/uploads\/2016\/04\/juan-anangono-leones-negros-noticias-3-300x128.jpg 300w, http:\/\/desarrollo.grupomedios.com\/futbol\/wp-content\/uploads\/2016\/04\/juan-anangono-leones-negros-noticias-3-768x328.jpg 768w\" sizes=\"(max-width: 820px) 100vw, 820px\" \/><\/a><\/p>\n<p><span style=\"color: #ff0000;\"><strong>Jorge Mora<\/strong><\/span> | Su debut (2011) con Chivas fue so\u00f1ado, ya que en 25 segundos logr\u00f3 marcar su primer gol en el partido contra Pachuca, el problema es que el Gordo se apag\u00f3 y por eso baj\u00f3 de categor\u00eda. Con Correcaminos y Cruz Azul Hidalgo fue irregular, pero al llegar a Coras comenz\u00f3 a ganarse la confianza del equipo, por si fuera poco es con Leones Negros que ha dado su mejor versi\u00f3n, ya que se decanta como goleador al sumar ocho dianas en 23 cotejos.<\/p>\n<p><a href=\"http:\/\/www.futboltotal.com.mx\/wp-content\/uploads\/2016\/04\/juan-anangono-leones-negros-noticias-4.jpg\" rel=\"attachment wp-att-388015\"><img decoding=\"async\" loading=\"lazy\" class=\"alignnone size-full wp-image-388015\" src=\"http:\/\/www.futboltotal.com.mx\/wp-content\/uploads\/2016\/04\/juan-anangono-leones-negros-noticias-4.jpg\" alt=\"juan-anangono-leones-negros-noticias-4\" srcset=\"http:\/\/desarrollo.grupomedios.com\/futbol\/wp-content\/uploads\/2016\/04\/juan-anangono-leones-negros-noticias-4.jpg 820w, http:\/\/desarrollo.grupomedios.com\/futbol\/wp-content\/uploads\/2016\/04\/juan-anangono-leones-negros-noticias-4-300x128.jpg 300w, http:\/\/desarrollo.grupomedios.com\/futbol\/wp-content\/uploads\/2016\/04\/juan-anangono-leones-negros-noticias-4-768x328.jpg 768w\" sizes=\"(max-width: 820px) 100vw, 820px\" \/><\/a><\/p>\n<p><span style=\"color: #ff0000;\"><strong>VIDEO<\/strong><\/span>: <span style=\"color: #ff0000;\">Agenda TV | Jornada 14 Clausura 2016<\/span>:<\/p>\n<p>[video_player]https:\/\/player.vimeo.com\/external\/162541317.hd.mp4?s=5eaae3ba0e180ecb51d3924b74fa97d07ae480aa&amp;profile_id=174[\/video_player]<\/p>\n","protected":false},"excerpt":{"rendered":"<p>Estos jugadores encontraron refugio en la divisi\u00f3n de plata <\/p>\n","protected":false},"author":20,"featured_media":388008,"comment_status":"closed","ping_status":"closed","sticky":false,"template":"","format":"standard","meta":[],"categories":[3843,2198,3845,5950],"tags":[432,537],"_links":{"self":[{"href":"http:\/\/desarrollo.grupomedios.com\/futbol\/wp-json\/wp\/v2\/posts\/388007"}],"collection":[{"href":"http:\/\/desarrollo.grupomedios.com\/futbol\/wp-json\/wp\/v2\/posts"}],"about":[{"href":"http:\/\/desarrollo.grupomedios.com\/futbol\/wp-json\/wp\/v2\/types\/post"}],"author":[{"embeddable":true,"href":"http:\/\/desarrollo.grupomedios.com\/futbol\/wp-json\/wp\/v2\/users\/20"}],"replies":[{"embeddable":true,"href":"http:\/\/desarrollo.grupomedios.com\/futbol\/wp-json\/wp\/v2\/comments?post=388007"}],"version-history":[{"count":0,"href":"http:\/\/desarrollo.grupomedios.com\/futbol\/wp-json\/wp\/v2\/posts\/388007\/revisions"}],"wp:featuredmedia":[{"embeddable":true,"href":"http:\/\/desarrollo.grupomedios.com\/futbol\/wp-json\/wp\/v2\/media\/388008"}],"wp:attachment":[{"href":"http:\/\/desarrollo.grupomedios.com\/futbol\/wp-json\/wp\/v2\/media?parent=388007"}],"wp:term":[{"taxonomy":"category","embeddable":true,"href":"http:\/\/desarrollo.grupomedios.com\/futbol\/wp-json\/wp\/v2\/categories?post=388007"},{"taxonomy":"post_tag","embeddable":true,"href":"http:\/\/desarrollo.grupomedios.com\/futbol\/wp-json\/wp\/v2\/tags?post=388007"}],"curies":[{"name":"wp","href":"https:\/\/api.w.org\/{rel}","templated":true}]}}