{"id":388123,"date":"2016-04-13T08:50:22","date_gmt":"2016-04-13T14:50:22","guid":{"rendered":"http:\/\/www.futboltotal.com.mx\/?p=388123"},"modified":"2016-04-13T08:50:59","modified_gmt":"2016-04-13T14:50:59","slug":"real-madrid-espera-bale-huya-a-inglaterra","status":"publish","type":"post","link":"http:\/\/desarrollo.grupomedios.com\/futbol\/futbol-internacional\/real-madrid-espera-bale-huya-a-inglaterra\/2016\/04","title":{"rendered":"Real Madrid espera que Bale no huya"},"content":{"rendered":"<p>La <em>BBC<\/em> est\u00e1 completa y sin lesiones, situaci\u00f3n rara en esta temporada plagada de lesiones para Benzema y <strong>Bale<\/strong>. Eso es algo que al <strong>Real Madrid<\/strong> lo tiene tranquilo pero hay un problema en el devenir de los <em>merengues<\/em>: la no renovaci\u00f3n del gales, situaci\u00f3n que preocupa m\u00e1s de lo normal, porque lo perciben como una se\u00f1al de pretender un cambio de aires.<\/p>\n<p>Seg\u00fan el rotativo ingl\u00e9s <em>The Sun<\/em>, que cita a medios italianos, <strong>Bale<\/strong> no estar\u00eda dispuesto a renovar su contrato con el Real Madrid y tendr\u00eda como objetivo regresar a la <strong><span style=\"color: #3366ff;\"><a style=\"color: #3366ff;\" href=\"http:\/\/www.futboltotal.com.mx\/estadisticas\/estadisticas-liga-de-inglaterra\/\">Premier League<\/a><\/span><\/strong> el pr\u00f3ximo verano. Su destino ser\u00eda Manchester, aunque la publicaci\u00f3n no indic\u00f3 si es con el United o con el City con quien tiene m\u00e1s opciones.<\/p>\n<p style=\"text-align: center;\"><strong><span style=\"color: #3366ff;\"><a style=\"color: #3366ff;\" href=\"http:\/\/www.futboltotal.com.mx\/2016\/04\/los-elogios-sergio-ramos-cristiano\/\">LEER M\u00c1S: Los elogios de Ramos a Cristiano<\/a><\/span><\/strong><\/p>\n<p>A pesar de los esfuerzos del Real Madrid en renovar al brit\u00e1nico, que tiene contrato con el club blanco hasta 2019, los planes de Bale podr\u00edan ser otros, debido a que no se siente valorado en la plantilla.<\/p>\n<p><strong>Bale<\/strong> perdi\u00f3 importancia en el equipo desde la marcha de Rafa Ben\u00edtez, quien mostraba cierta predilecci\u00f3n por el brit\u00e1nico.<\/p>\n","protected":false},"excerpt":{"rendered":"<p>El gal\u00e9s no ha renovado contrato y se teme con su partida <\/p>\n","protected":false},"author":20,"featured_media":388124,"comment_status":"closed","ping_status":"closed","sticky":false,"template":"","format":"standard","meta":[],"categories":[3839,3844],"tags":[6043,334,5988],"_links":{"self":[{"href":"http:\/\/desarrollo.grupomedios.com\/futbol\/wp-json\/wp\/v2\/posts\/388123"}],"collection":[{"href":"http:\/\/desarrollo.grupomedios.com\/futbol\/wp-json\/wp\/v2\/posts"}],"about":[{"href":"http:\/\/desarrollo.grupomedios.com\/futbol\/wp-json\/wp\/v2\/types\/post"}],"author":[{"embeddable":true,"href":"http:\/\/desarrollo.grupomedios.com\/futbol\/wp-json\/wp\/v2\/users\/20"}],"replies":[{"embeddable":true,"href":"http:\/\/desarrollo.grupomedios.com\/futbol\/wp-json\/wp\/v2\/comments?post=388123"}],"version-history":[{"count":0,"href":"http:\/\/desarrollo.grupomedios.com\/futbol\/wp-json\/wp\/v2\/posts\/388123\/revisions"}],"wp:featuredmedia":[{"embeddable":true,"href":"http:\/\/desarrollo.grupomedios.com\/futbol\/wp-json\/wp\/v2\/media\/388124"}],"wp:attachment":[{"href":"http:\/\/desarrollo.grupomedios.com\/futbol\/wp-json\/wp\/v2\/media?parent=388123"}],"wp:term":[{"taxonomy":"category","embeddable":true,"href":"http:\/\/desarrollo.grupomedios.com\/futbol\/wp-json\/wp\/v2\/categories?post=388123"},{"taxonomy":"post_tag","embeddable":true,"href":"http:\/\/desarrollo.grupomedios.com\/futbol\/wp-json\/wp\/v2\/tags?post=388123"}],"curies":[{"name":"wp","href":"https:\/\/api.w.org\/{rel}","templated":true}]}}