{"id":388199,"date":"2016-04-13T12:58:51","date_gmt":"2016-04-13T18:58:51","guid":{"rendered":"http:\/\/www.futboltotal.com.mx\/?p=388199"},"modified":"2016-04-14T12:23:37","modified_gmt":"2016-04-14T18:23:37","slug":"siempre-kobe-bryant","status":"publish","type":"post","link":"http:\/\/desarrollo.grupomedios.com\/futbol\/no-todo-es-futbol\/siempre-kobe-bryant\/2016\/04","title":{"rendered":"\u00a1Hasta siempre, Kobe Bryant!"},"content":{"rendered":"<p><strong>Kobe Bryant<\/strong> se encuentra a las puertas de lo que ser\u00e1 el \u00faltimo partido de su brillante carrera de 20 a\u00f1os. Esta noche, el basquetbolista de 38 a\u00f1os dir\u00e1 adi\u00f3s a\u00a0la <strong>NBA<\/strong>. \u00a1Se despedir\u00e1 de las duelas!<\/p>\n<p>La <em>Mamba Negra<\/em>, quien siempre jug\u00f3 con la misma franquicia\u00a0-l\u00e9ase\u00a0los <em>Lakers <\/em>de Los \u00c1ngeles-, tendr\u00e1 la oportunidad, con el <em>Staples Center<\/em> rendido una vez m\u00e1s a su figura eg\u00f3latra, de realizar las \u00faltimas genialidades.<\/p>\n<blockquote class=\"twitter-tweet\" data-lang=\"es\">\n<p dir=\"ltr\" lang=\"en\">8 &amp; 24 on the floor <a href=\"https:\/\/twitter.com\/hashtag\/ThankYouKobe?src=hash\">#ThankYouKobe<\/a> <a href=\"https:\/\/t.co\/j4B3W88Y5L\">pic.twitter.com\/j4B3W88Y5L<\/a><\/p>\n<p>\u2014 Los Angeles Lakers (@Lakers) <a href=\"https:\/\/twitter.com\/Lakers\/status\/720317274846986240\">13 de abril de 2016<\/a><\/p><\/blockquote>\n<p><script src=\"\/\/platform.twitter.com\/widgets.js\" async=\"\" charset=\"utf-8\"><\/script><\/p>\n<p>Durante dos d\u00e9cadas, <strong>Kobe Bryant<\/strong> aport\u00f3 un baloncesto espectacular y eficaz que asombr\u00f3 al mundo. No har\u00e1 m\u00e1s, en gran medida, por culpa de las lesiones.<\/p>\n<p>No obstante, se va como un grande, basta apuntar que es el tercer m\u00e1ximo encestador en la historia de la NBA, algo que le permitir\u00e1 ser considerado como uno de los m\u00e1s grandes de la historia.<\/p>\n<p style=\"text-align: center;\"><strong><span style=\"color: #3366ff;\"><a style=\"color: #3366ff;\" href=\"http:\/\/www.futboltotal.com.mx\/2016\/04\/barcelona-rinde-tributo-a-kobe-bryant\/\">LEER M\u00c1S: Barcelona rinde tributo a Kobe Bryant<\/a><\/span><\/strong><\/p>\n<p>&#8220;Crec\u00ed siendo un fan\u00e1tico de los <em>Lakers<\/em>, as\u00ed que se convirti\u00f3 en realidad el sue\u00f1o de un ni\u00f1o que quer\u00eda crecer y jugar para su equipo favorito durante 20 a\u00f1os, toda su carrera. He visto a esta ciudad crecer y desarrollarse, y viceversa. No hay otro lugar donde yo preferir\u00eda terminar mi carrera&#8221;, ha dicho <strong>Kobe Bryant<\/strong>.<\/p>\n","protected":false},"excerpt":{"rendered":"<p>Esta noche, ser\u00e1 el \u00faltimo partido de su brillante carrera de 20 a\u00f1os<\/p>\n","protected":false},"author":20,"featured_media":388209,"comment_status":"closed","ping_status":"closed","sticky":false,"template":"","format":"standard","meta":[],"categories":[5418,6411],"tags":[5816,3763],"_links":{"self":[{"href":"http:\/\/desarrollo.grupomedios.com\/futbol\/wp-json\/wp\/v2\/posts\/388199"}],"collection":[{"href":"http:\/\/desarrollo.grupomedios.com\/futbol\/wp-json\/wp\/v2\/posts"}],"about":[{"href":"http:\/\/desarrollo.grupomedios.com\/futbol\/wp-json\/wp\/v2\/types\/post"}],"author":[{"embeddable":true,"href":"http:\/\/desarrollo.grupomedios.com\/futbol\/wp-json\/wp\/v2\/users\/20"}],"replies":[{"embeddable":true,"href":"http:\/\/desarrollo.grupomedios.com\/futbol\/wp-json\/wp\/v2\/comments?post=388199"}],"version-history":[{"count":0,"href":"http:\/\/desarrollo.grupomedios.com\/futbol\/wp-json\/wp\/v2\/posts\/388199\/revisions"}],"wp:featuredmedia":[{"embeddable":true,"href":"http:\/\/desarrollo.grupomedios.com\/futbol\/wp-json\/wp\/v2\/media\/388209"}],"wp:attachment":[{"href":"http:\/\/desarrollo.grupomedios.com\/futbol\/wp-json\/wp\/v2\/media?parent=388199"}],"wp:term":[{"taxonomy":"category","embeddable":true,"href":"http:\/\/desarrollo.grupomedios.com\/futbol\/wp-json\/wp\/v2\/categories?post=388199"},{"taxonomy":"post_tag","embeddable":true,"href":"http:\/\/desarrollo.grupomedios.com\/futbol\/wp-json\/wp\/v2\/tags?post=388199"}],"curies":[{"name":"wp","href":"https:\/\/api.w.org\/{rel}","templated":true}]}}