{"id":388330,"date":"2016-04-13T14:54:25","date_gmt":"2016-04-13T20:54:25","guid":{"rendered":"http:\/\/www.futboltotal.com.mx\/?p=388330"},"modified":"2016-04-13T14:54:25","modified_gmt":"2016-04-13T20:54:25","slug":"corona-promete-cambiaran-la-historia","status":"publish","type":"post","link":"http:\/\/desarrollo.grupomedios.com\/futbol\/futbol-mexicano\/corona-promete-cambiaran-la-historia\/2016\/04","title":{"rendered":"Corona promete que cambiar\u00e1n la historia\u2026"},"content":{"rendered":"<p>En los \u00faltimos a\u00f1os, los aficionados de la <a href=\"http:\/\/www.futboltotal.com.mx\/equipos\/cruz-azul\/\" target=\"_blank\"><em>M\u00e1quina<\/em> de\u00a0<strong>Cruz Azul<\/strong><\/a> han sido blanco de burlas desmedidas, situaci\u00f3n que obedece -en gran medida- a los 18 a\u00f1os sin t\u00edtulo de liga que suma la instituci\u00f3n. Y ante la triste realidad, <strong>Jes\u00fas Corona<\/strong>, lanz\u00f3 un contundente mensaje:<\/p>\n<p>&#8220;S\u00ed duele y sabemos que la gente va con toda la ilusi\u00f3n de ver a <strong>Cruz Azul<\/strong> ganar, pero esto va a cambiar, de eso estamos seguros, lo vamos a cambiar y esta historia va a ser distinta\u201d, sentenci\u00f3 el portero <em>celeste<\/em>.<\/p>\n<blockquote class=\"twitter-tweet\" data-lang=\"es\">\n<p dir=\"ltr\" lang=\"es\">Cruz Azul quiere regresar al camino ganador ? [&#8230;] &gt;&gt; <a href=\"https:\/\/t.co\/jQTyO64UP6\">https:\/\/t.co\/jQTyO64UP6<\/a> \u00a1Vamos M\u00e1quina! <a href=\"https:\/\/twitter.com\/hashtag\/LealtadAzul?src=hash\">#LealtadAzul<\/a> <a href=\"https:\/\/t.co\/0fBFY9MvRK\">pic.twitter.com\/0fBFY9MvRK<\/a><\/p>\n<p>\u2014 CRUZ AZUL FC \u00ae (@Cruz_Azul_FC) <a href=\"https:\/\/twitter.com\/Cruz_Azul_FC\/status\/720084172212146176\">13 de abril de 2016<\/a><\/p><\/blockquote>\n<p><script src=\"\/\/platform.twitter.com\/widgets.js\" async=\"\" charset=\"utf-8\"><\/script><\/p>\n<p><em>Chuy<\/em> <strong>Corona<\/strong> admiti\u00f3 que les pesa el que sus seguidores sean la burla en redes sociales, pero advierte que la <em>M\u00e1quina<\/em> recuperar\u00e1 la jerarqu\u00eda y para ello el primer paso es asegurar la liguilla este Clausura 2016.<\/p>\n<p>&#8220;Equipo grande o chico lo hace la historia, las aficiones, por eso se toma ese adjetivo. Ahora hay que demostrarlo&#8221;, coment\u00f3 <strong>Jes\u00fas Corona<\/strong>. &#8220;No solo vivir de la historia sino tener claro el presente, empezar a escribirla. Los que estamos ahora hace falta escribir nuestra historia en esta instituci\u00f3n&#8221;, asegur\u00f3.<\/p>\n<p style=\"text-align: center;\"><span style=\"color: #3366ff;\"><strong><a style=\"color: #3366ff;\" href=\"http:\/\/www.futboltotal.com.mx\/2016\/04\/fracasan-en-liga-mx-triunfan-en-ascenso-mx\/\">LEER M\u00c1S: Fracasan en Liga MX, triunfan en el Ascenso MX<\/a><\/strong><\/span><\/p>\n<p>Cabe apuntar que la semana pasada, <strong>Cruz Azul<\/strong> tuvo un par de p\u00e9simos resultados: quedaron eliminados de la Copa MX tras caer ante Necaxa y sufrieron una contundente derrota (3-0) ante Dorados en la Liga MX.<\/p>\n<p><span style=\"color: #ff0000;\"><strong>VIDEO<\/strong><\/span>: <span style=\"color: #ff0000;\">Agenda TV | Jornada 14 Clausura 2016<\/span>:<\/p>\n<p>[video_player]https:\/\/player.vimeo.com\/external\/162541317.hd.mp4?s=5eaae3ba0e180ecb51d3924b74fa97d07ae480aa&amp;profile_id=174[\/video_player]<\/p>\n<p>&nbsp;<\/p>\n","protected":false},"excerpt":{"rendered":"<p>El portero de Cruz Azul manda contundente mensaje<\/p>\n","protected":false},"author":20,"featured_media":388333,"comment_status":"closed","ping_status":"closed","sticky":false,"template":"","format":"standard","meta":[],"categories":[2198,3845,5950],"tags":[5962,5443],"_links":{"self":[{"href":"http:\/\/desarrollo.grupomedios.com\/futbol\/wp-json\/wp\/v2\/posts\/388330"}],"collection":[{"href":"http:\/\/desarrollo.grupomedios.com\/futbol\/wp-json\/wp\/v2\/posts"}],"about":[{"href":"http:\/\/desarrollo.grupomedios.com\/futbol\/wp-json\/wp\/v2\/types\/post"}],"author":[{"embeddable":true,"href":"http:\/\/desarrollo.grupomedios.com\/futbol\/wp-json\/wp\/v2\/users\/20"}],"replies":[{"embeddable":true,"href":"http:\/\/desarrollo.grupomedios.com\/futbol\/wp-json\/wp\/v2\/comments?post=388330"}],"version-history":[{"count":0,"href":"http:\/\/desarrollo.grupomedios.com\/futbol\/wp-json\/wp\/v2\/posts\/388330\/revisions"}],"wp:featuredmedia":[{"embeddable":true,"href":"http:\/\/desarrollo.grupomedios.com\/futbol\/wp-json\/wp\/v2\/media\/388333"}],"wp:attachment":[{"href":"http:\/\/desarrollo.grupomedios.com\/futbol\/wp-json\/wp\/v2\/media?parent=388330"}],"wp:term":[{"taxonomy":"category","embeddable":true,"href":"http:\/\/desarrollo.grupomedios.com\/futbol\/wp-json\/wp\/v2\/categories?post=388330"},{"taxonomy":"post_tag","embeddable":true,"href":"http:\/\/desarrollo.grupomedios.com\/futbol\/wp-json\/wp\/v2\/tags?post=388330"}],"curies":[{"name":"wp","href":"https:\/\/api.w.org\/{rel}","templated":true}]}}