{"id":388614,"date":"2016-04-14T07:43:59","date_gmt":"2016-04-14T13:43:59","guid":{"rendered":"http:\/\/www.futboltotal.com.mx\/?p=388614"},"modified":"2016-04-14T08:30:44","modified_gmt":"2016-04-14T14:30:44","slug":"gana-la-copa-mx-veracruz-reinoso-se-puede-ir","status":"publish","type":"post","link":"http:\/\/desarrollo.grupomedios.com\/futbol\/futbol-mexicano\/gana-la-copa-mx-veracruz-reinoso-se-puede-ir\/2016\/04","title":{"rendered":"\u00a1Veracruz le hace el feo a Carlos Reinoso!"},"content":{"rendered":"<p>Para <strong>Veracruz <span style=\"color: #3366ff;\"><a style=\"color: #3366ff;\" href=\"http:\/\/www.futboltotal.com.mx\/2016\/04\/resultado-copa-mx-veracruz-4-1-necaxa\/\">la Copa MX ganada el mi\u00e9rcoles ante Necaxa<\/a><\/span><\/strong> es una aliciente para seguir mejorando y en busca de ello, el banquillo de los <em>Tiburones<\/em> contar\u00eda con cambios tan pronto finalice la temporada.<\/p>\n<p>Luego de romper una sequ\u00eda de 68 a\u00f1os con t\u00edtulos en el torneo copero, el objetivo es trascender en la Liga MX, donde las pasadas dos liguillas se calific\u00f3 pero en est\u00e1 ocasi\u00f3n no ser\u00e1 posible la gesta y la\u00a0continuidad de <strong>Carlos Reinoso<\/strong> en el Veracruz no est\u00e1 asegurada.<\/p>\n<p style=\"text-align: center;\"><strong><a href=\"http:\/\/www.futboltotal.com.mx\/2016\/04\/los-memes-del-veracruz-vs-necaxa\/\"><span style=\"color: #3366ff;\">L<\/span><\/a><a href=\"http:\/\/www.futboltotal.com.mx\/2016\/04\/los-memes-del-veracruz-vs-necaxa\/\"><span style=\"color: #3366ff;\">EER M\u00c1S: Los memes del Veracruz vs. Necaxa<\/span><\/a><\/strong><\/p>\n<p>El presidente de los <em>Tiburones<\/em>, Fidel Kuri Mustieles, hizo saber que el ciclo del chileno est\u00e1 por concluir.<br \/>\n&#8220;Es un excelente t\u00e9cnico, estamos muy agradecidos con \u00e9l, nos ha llevado a dos Liguillas, ahora no fue un buen torneo, pero estamos en una Final de Copa. Hizo click con los jugadores y ahora s\u00ed que hay ciclos en el futbol que todos conocemos, pero en este momento no es conveniente hablar del tema&#8221;, se\u00f1al\u00f3 en entrevista para ESPN, horas antes de que el equipo levantara la Copa.<\/p>\n<p>La salida del estratega no se dar\u00eda por diferencias con la directiva, sino por el desgaste y cansancio que ha llegado a sentir <strong>Carlos Reinoso.<\/strong> En caso de confirmarse lo que parece inminente, las opciones para relevarlo en el banquillo son:\u00a0Mart\u00edn Palermo y Gustavo Matosas.<\/p>\n","protected":false},"excerpt":{"rendered":"<p>Fidel Kuri dej\u00f3 entrever que el Maestro abandonar\u00eda la instituci\u00f3n <\/p>\n","protected":false},"author":20,"featured_media":388620,"comment_status":"closed","ping_status":"closed","sticky":false,"template":"","format":"standard","meta":[],"categories":[2198,3845,5950],"tags":[4538,6049],"_links":{"self":[{"href":"http:\/\/desarrollo.grupomedios.com\/futbol\/wp-json\/wp\/v2\/posts\/388614"}],"collection":[{"href":"http:\/\/desarrollo.grupomedios.com\/futbol\/wp-json\/wp\/v2\/posts"}],"about":[{"href":"http:\/\/desarrollo.grupomedios.com\/futbol\/wp-json\/wp\/v2\/types\/post"}],"author":[{"embeddable":true,"href":"http:\/\/desarrollo.grupomedios.com\/futbol\/wp-json\/wp\/v2\/users\/20"}],"replies":[{"embeddable":true,"href":"http:\/\/desarrollo.grupomedios.com\/futbol\/wp-json\/wp\/v2\/comments?post=388614"}],"version-history":[{"count":0,"href":"http:\/\/desarrollo.grupomedios.com\/futbol\/wp-json\/wp\/v2\/posts\/388614\/revisions"}],"wp:featuredmedia":[{"embeddable":true,"href":"http:\/\/desarrollo.grupomedios.com\/futbol\/wp-json\/wp\/v2\/media\/388620"}],"wp:attachment":[{"href":"http:\/\/desarrollo.grupomedios.com\/futbol\/wp-json\/wp\/v2\/media?parent=388614"}],"wp:term":[{"taxonomy":"category","embeddable":true,"href":"http:\/\/desarrollo.grupomedios.com\/futbol\/wp-json\/wp\/v2\/categories?post=388614"},{"taxonomy":"post_tag","embeddable":true,"href":"http:\/\/desarrollo.grupomedios.com\/futbol\/wp-json\/wp\/v2\/tags?post=388614"}],"curies":[{"name":"wp","href":"https:\/\/api.w.org\/{rel}","templated":true}]}}