{"id":388641,"date":"2016-04-14T09:22:09","date_gmt":"2016-04-14T15:22:09","guid":{"rendered":"http:\/\/www.futboltotal.com.mx\/?p=388641"},"modified":"2016-04-14T10:03:24","modified_gmt":"2016-04-14T16:03:24","slug":"reyes-esta-en-sus-manos","status":"publish","type":"post","link":"http:\/\/desarrollo.grupomedios.com\/futbol\/destacado-home\/reyes-esta-en-sus-manos\/2016\/04","title":{"rendered":"Futuro de Reyes\u2026 no est\u00e1 en sus manos"},"content":{"rendered":"<p>Pese a que el defensa mexicano<strong> Diego Reyes<\/strong> cuenta un presente alentador -le cost\u00f3 harto trabajo, pero al final recuper\u00f3 un lugar en la alineaci\u00f3n titular de la <strong>Real Sociedad<\/strong>&#8211; su futuro luce incierto.<\/p>\n<p>El periodo de pr\u00e9stamo del <em>Flaco<\/em> con el equipo vasco culminar\u00e1 al final de la presente temporada. Y ante ello surge la pregunta: \u00bfseguir\u00e1 en Espa\u00f1a o regresar\u00e1 a Portugal? \u201cLa decisi\u00f3n depende del <strong>Porto<\/strong>\u201d, asegura el propio <strong>Reyes<\/strong>, quien tiene su primera campa\u00f1a en el balompi\u00e9 ib\u00e9rico.<\/p>\n<blockquote class=\"twitter-tweet\" data-lang=\"es\">\n<p dir=\"ltr\" lang=\"es\">Empieza la recta final de la temporada y cerraremos de la mejor forma! Les dejo la <a href=\"https:\/\/twitter.com\/hashtag\/FraseDelD%C3%ADa?src=hash\">#FraseDelD\u00eda<\/a> \u26bd\ufe0f???\u26aa\ufe0f Vamooooooos! <a href=\"https:\/\/t.co\/mMRgPH7TTG\">pic.twitter.com\/mMRgPH7TTG<\/a><\/p>\n<p>\u2014 Diego Reyes (@Diego_Reyes13) <a href=\"https:\/\/twitter.com\/Diego_Reyes13\/status\/718119241237463040\">7 de abril de 2016<\/a><\/p><\/blockquote>\n<p><script src=\"\/\/platform.twitter.com\/widgets.js\" async=\"\" charset=\"utf-8\"><\/script><\/p>\n<p>Por lo pronto, el defensa <em>azteca<\/em> s\u00f3lo se concentra en el cierre de campa\u00f1a y \u201cen seguir trabajando y mejorando\u201d.<\/p>\n<p>En ese sentido, cabe apuntar que en la pasada jornada, <strong>Diego Reyes<\/strong> form\u00f3 parte durante los 90 minutos del plantel de la <strong>Real Sociedad<\/strong> que consigui\u00f3 una importante victoria sobre el Barcelona, l\u00edder de la competencia.<\/p>\n<p style=\"text-align: center;\"><strong><span style=\"color: #3366ff;\"><a style=\"color: #3366ff;\" href=\"http:\/\/www.futboltotal.com.mx\/2016\/04\/mexicanos-protagonistas-del-mercado-en-verano\/\">LEER M\u00c1S: Mexicanos, \u00bfprotagonistas del mercado en verano?<\/a><\/span><\/strong><\/p>\n<p>El canterano del Am\u00e9rica est\u00e1 ha disputado 21 encuentros y lleva dos goles en la presente campa\u00f1a con la Real. Y de acuerdo a sus actuaciones, todo indica que el cuadro espa\u00f1ol buscar\u00eda retener al <em>Flaco<\/em>. Sin embargo, el futuro del zaguero <em>azteca<\/em> no est\u00e1 en sus manos.<\/p>\n","protected":false},"excerpt":{"rendered":"<p>\u201cLa decisi\u00f3n depende del Porto\u201d, asegura el defensa mexicano<\/p>\n","protected":false},"author":20,"featured_media":388644,"comment_status":"closed","ping_status":"closed","sticky":false,"template":"","format":"standard","meta":[],"categories":[5,3839,3844,6718,5951],"tags":[6006,4545],"_links":{"self":[{"href":"http:\/\/desarrollo.grupomedios.com\/futbol\/wp-json\/wp\/v2\/posts\/388641"}],"collection":[{"href":"http:\/\/desarrollo.grupomedios.com\/futbol\/wp-json\/wp\/v2\/posts"}],"about":[{"href":"http:\/\/desarrollo.grupomedios.com\/futbol\/wp-json\/wp\/v2\/types\/post"}],"author":[{"embeddable":true,"href":"http:\/\/desarrollo.grupomedios.com\/futbol\/wp-json\/wp\/v2\/users\/20"}],"replies":[{"embeddable":true,"href":"http:\/\/desarrollo.grupomedios.com\/futbol\/wp-json\/wp\/v2\/comments?post=388641"}],"version-history":[{"count":0,"href":"http:\/\/desarrollo.grupomedios.com\/futbol\/wp-json\/wp\/v2\/posts\/388641\/revisions"}],"wp:featuredmedia":[{"embeddable":true,"href":"http:\/\/desarrollo.grupomedios.com\/futbol\/wp-json\/wp\/v2\/media\/388644"}],"wp:attachment":[{"href":"http:\/\/desarrollo.grupomedios.com\/futbol\/wp-json\/wp\/v2\/media?parent=388641"}],"wp:term":[{"taxonomy":"category","embeddable":true,"href":"http:\/\/desarrollo.grupomedios.com\/futbol\/wp-json\/wp\/v2\/categories?post=388641"},{"taxonomy":"post_tag","embeddable":true,"href":"http:\/\/desarrollo.grupomedios.com\/futbol\/wp-json\/wp\/v2\/tags?post=388641"}],"curies":[{"name":"wp","href":"https:\/\/api.w.org\/{rel}","templated":true}]}}