{"id":388665,"date":"2016-04-14T10:48:46","date_gmt":"2016-04-14T16:48:46","guid":{"rendered":"http:\/\/www.futboltotal.com.mx\/?p=388665"},"modified":"2016-04-14T11:45:10","modified_gmt":"2016-04-14T17:45:10","slug":"perfil-los-rivales-mexico-en-los-juegos-olimpicos-rio-2016","status":"publish","type":"post","link":"http:\/\/desarrollo.grupomedios.com\/futbol\/futbol-mexicano\/perfil-los-rivales-mexico-en-los-juegos-olimpicos-rio-2016\/2016\/04","title":{"rendered":"Perfil de los rivales del TRI Ol\u00edmpico"},"content":{"rendered":"<p>La <strong><a href=\"http:\/\/www.futboltotal.com.mx\/futbol-mexicano\/seleccion-mexicana\/\" target=\"_blank\">selecci\u00f3n de M\u00e9xico<\/a><\/strong>, vigente campe\u00f3n ol\u00edmpico, conoci\u00f3 este jueves a los rivales a los que enfrentar\u00e1 en R\u00edo 2016 del 3 al 20 de agosto: <strong>Fiji<\/strong>, <strong>Rep\u00fablica de Corea<\/strong> y <strong>Alemania<\/strong>.<\/p>\n<p>\u201cDespu\u00e9s de competir internacionalmente sabes que ning\u00fan rival es simple, que hay que respetar cada historia y hay que disputar cada partido con la responsabilidad debida porque es futbol y todo puede pasar.<\/p>\n<p>\u201cTenemos que ser muy responsables en atender cada partido y darle su lugar a cada equipo. Todos van a representar una dificultad y tenemos que ser muy inteligentes para buscar ganar cada partido\u201d, dijo Ra\u00fal Guti\u00e9rrez, DT del <em>Tri<\/em> ol\u00edmpico, al t\u00e9rmino del sorteo.<\/p>\n<blockquote class=\"twitter-tweet\" data-lang=\"es\">\n<p dir=\"ltr\" lang=\"es\">\u00a1Anoten estas fechas! ?<a href=\"https:\/\/twitter.com\/hashtag\/Sub23?src=hash\">#Sub23<\/a> \u00a1La disputa del Torneo Ol\u00edmpico de <a href=\"https:\/\/twitter.com\/rio2016_es\">@rio2016_es<\/a> est\u00e1 cerca y contamos con su apoyo! <a href=\"https:\/\/t.co\/wGvG6f5Bz5\">pic.twitter.com\/wGvG6f5Bz5<\/a><\/p>\n<p>\u2014 Selecci\u00f3n Nacional (@miseleccionmx) <a href=\"https:\/\/twitter.com\/miseleccionmx\/status\/720625370458750976\">14 de abril de 2016<\/a><\/p><\/blockquote>\n<p><script src=\"\/\/platform.twitter.com\/widgets.js\" async=\"\" charset=\"utf-8\"><\/script><\/p>\n<p>A continuaci\u00f3n, se presenta el perfil de los <strong>rivales de M\u00e9xico en los Juegos Ol\u00edmpicos R\u00edo 2016<\/strong>:<\/p>\n<p><span style=\"color: #800000;\"><strong>FIJI<\/strong><\/span> | La clasificaci\u00f3n de Ocean\u00eda para R\u00edo 2016 se llev\u00f3 a cabo como parte de los Juegos del Pac\u00edfico,\u00a0celebrados en julio de 2015 en Pap\u00faa Nueva Guinea. <strong>Fiji<\/strong> se mantuvo imbatida en los cinco partidos disputados, en los que registr\u00f3 resultados muy dispares, destacando\u00a0una victoria r\u00e9cord:\u00a038-0 sobre Micronesia.<\/p>\n<p>Fiji nunca ha disputado unos Juegos Ol\u00edmpicos, por lo que debutar\u00e1 en R\u00edo 2016. Despu\u00e9s de su primer intento de clasificaci\u00f3n, efectuado en la edici\u00f3n de Barcelona 1992, se embarc\u00f3 en seis campa\u00f1as infructuosas antes de hacerse con el \u00fanico pase disponible en Ocean\u00eda para R\u00edo.<\/p>\n<blockquote class=\"twitter-tweet\" data-lang=\"es\"><p>\n<a href=\"https:\/\/twitter.com\/hashtag\/Sub23?src=hash\">#Sub23<\/a> \u00a1Grupo listo para la defensa del Oro Ol\u00edmpico en <a href=\"https:\/\/twitter.com\/rio2016_es\">@rio2016_es<\/a>! ?<\/p>\n<p>\u00bfNo viste el sorteo? Conoce los grupos ?<a href=\"https:\/\/t.co\/cmclCbRjX6\">https:\/\/t.co\/cmclCbRjX6<\/a><\/p>\n<p>\u2014 Selecci\u00f3n Nacional (@miseleccionmx) <a href=\"https:\/\/twitter.com\/miseleccionmx\/status\/720617753564950529\">14 de abril de 2016<\/a>\n<\/p><\/blockquote>\n<p><script src=\"\/\/platform.twitter.com\/widgets.js\" async=\"\" charset=\"utf-8\"><\/script><\/p>\n<p><span style=\"color: #800000;\"><strong>Rep\u00fablica de Corea<\/strong><\/span> |\u00a0Se clasific\u00f3 en\u00a0el Campeonato Sub-23 de la AFC, celebrada en Qatar. En la final, ante Jap\u00f3n, los surcoreanos dejaron escapar una ventaja de 2-0 para terminar cediendo la corona por 2-3.<\/p>\n<p><strong>Rep\u00fablica de Corea<\/strong> ha disputado nueve ediciones de los Juegos Ol\u00edmpicos, siendo su mejor actuaci\u00f3n en la \u00faltima: Londres 2012, donde conquist\u00f3 la medalla de Bronce.\u00a0<strong>M\u00e9xico<\/strong> y el combinado asi\u00e1tico\u00a0se han enfrentado en tres ocasiones en una justa ol\u00edmpica, de las cuales, dos han sido empates y una derrota\u00a0para los <em>aztecas<\/em>.<\/p>\n<blockquote class=\"twitter-tweet\" data-lang=\"es\">\n<p dir=\"ltr\" lang=\"es\">No hay un ayer, ni un futuro&#8230; Existe un ahora&#8230;<br \/>\nAHORA&#8230;. A TRABAJAR!!! <a href=\"https:\/\/t.co\/KKjzgLNFD3\">pic.twitter.com\/KKjzgLNFD3<\/a><\/p>\n<p>\u2014 RAULGTZ.\u00ae (@Potropegaso21) <a href=\"https:\/\/twitter.com\/Potropegaso21\/status\/720612183902707713\">14 de abril de 2016<\/a><\/p><\/blockquote>\n<p><script src=\"\/\/platform.twitter.com\/widgets.js\" async=\"\" charset=\"utf-8\"><\/script><\/p>\n<p><span style=\"color: #800000;\"><strong>Alemania<\/strong><\/span> |\u00a0Los alemanes iniciaron su camino a R\u00edo en el Europeo Sub-21.\u00a0En la semifinal, los j\u00f3venes <em>germanos<\/em>\u00a0sufrieron contra Portugal una derrota de 5-0, aunque ya ten\u00edan el pasaporte a\u00a0la justa veraniega en sus manos.<\/p>\n<p><strong>Alemania<\/strong> ha participado en ocho ediciones de los <strong>Juegos Ol\u00edmpicos<\/strong>, ofreciendo su mejor actuaci\u00f3n en 1988, su participaci\u00f3n m\u00e1s reciente, donde conquist\u00f3 la medalla de Bronce.\u00a0<strong>M\u00e9xico<\/strong> y alemanes\u00a0se han enfrentado tres veces en las Olimpiadas, de estas, dos han sido victorias para los europeos y un empate.<\/p>\n<p><em>Con informaci\u00f3n de la FMF<\/em><\/p>\n","protected":false},"excerpt":{"rendered":"<p>&#8220;Ning\u00fan rival es simple. Hay que respetar cada historia&#8221;: Potro<\/p>\n","protected":false},"author":20,"featured_media":388692,"comment_status":"closed","ping_status":"closed","sticky":false,"template":"","format":"standard","meta":[],"categories":[2198,3847,5950],"tags":[5979,2377],"_links":{"self":[{"href":"http:\/\/desarrollo.grupomedios.com\/futbol\/wp-json\/wp\/v2\/posts\/388665"}],"collection":[{"href":"http:\/\/desarrollo.grupomedios.com\/futbol\/wp-json\/wp\/v2\/posts"}],"about":[{"href":"http:\/\/desarrollo.grupomedios.com\/futbol\/wp-json\/wp\/v2\/types\/post"}],"author":[{"embeddable":true,"href":"http:\/\/desarrollo.grupomedios.com\/futbol\/wp-json\/wp\/v2\/users\/20"}],"replies":[{"embeddable":true,"href":"http:\/\/desarrollo.grupomedios.com\/futbol\/wp-json\/wp\/v2\/comments?post=388665"}],"version-history":[{"count":0,"href":"http:\/\/desarrollo.grupomedios.com\/futbol\/wp-json\/wp\/v2\/posts\/388665\/revisions"}],"wp:featuredmedia":[{"embeddable":true,"href":"http:\/\/desarrollo.grupomedios.com\/futbol\/wp-json\/wp\/v2\/media\/388692"}],"wp:attachment":[{"href":"http:\/\/desarrollo.grupomedios.com\/futbol\/wp-json\/wp\/v2\/media?parent=388665"}],"wp:term":[{"taxonomy":"category","embeddable":true,"href":"http:\/\/desarrollo.grupomedios.com\/futbol\/wp-json\/wp\/v2\/categories?post=388665"},{"taxonomy":"post_tag","embeddable":true,"href":"http:\/\/desarrollo.grupomedios.com\/futbol\/wp-json\/wp\/v2\/tags?post=388665"}],"curies":[{"name":"wp","href":"https:\/\/api.w.org\/{rel}","templated":true}]}}