{"id":388831,"date":"2016-04-15T07:00:57","date_gmt":"2016-04-15T13:00:57","guid":{"rendered":"http:\/\/www.futboltotal.com.mx\/?p=388831"},"modified":"2016-04-15T07:53:19","modified_gmt":"2016-04-15T13:53:19","slug":"sorpresiva-convocatoria-del-tri-olimpico","status":"publish","type":"post","link":"http:\/\/desarrollo.grupomedios.com\/futbol\/destacado-home\/sorpresiva-convocatoria-del-tri-olimpico\/2016\/04","title":{"rendered":"Sorpresiva convocatoria del TRI ol\u00edmpico"},"content":{"rendered":"<p>Tras conocer a\u00a0los <a href=\"http:\/\/www.futboltotal.com.mx\/2016\/04\/mexico-vs-alemania-en-juegos-olimpicos\/\" target=\"_blank\">rivales a los que se enfrentar\u00e1 en los Juegos Ol\u00edmpicos R\u00edo 2016<\/a> (Fiji, Rep\u00fablica de Corea y Alemania),\u00a0<strong>Ra\u00fal Guti\u00e9rrez<\/strong>, t\u00e9cnico de la <strong><a href=\"http:\/\/www.futboltotal.com.mx\/futbol-mexicano\/seleccion-mexicana\/\" target=\"_blank\">selecci\u00f3n de M\u00e9xico Sub-23<\/a><\/strong>, sorprendi\u00f3 con su \u00faltima convocatoria.<\/p>\n<p>En la lista de convocados al <em>Tri<\/em> <strong>ol\u00edmpico<\/strong>, conformada por 26 jugadores que se concentrar\u00e1n\u00a0por\u00a0tres d\u00edas la pr\u00f3xima semana, sorprende\u00a0la presencia de\u00a0C\u00e9sar Montes, jugador de <em>Rayados<\/em> de Monterrey, y\u00a0Juan Carlos Garc\u00eda Sancho, defensa de Cruz Azul.<\/p>\n<p><a href=\"http:\/\/www.futboltotal.com.mx\/2016\/04\/sorpresiva-convocatoria-del-tri-olimpico\/convocatoria-tri-olimpico\/\" rel=\"attachment wp-att-388835\"><img decoding=\"async\" loading=\"lazy\" class=\"aligncenter size-full wp-image-388835\" src=\"http:\/\/www.futboltotal.com.mx\/wp-content\/uploads\/2016\/04\/convocatoria-tri-olimpico.jpg\" alt=\"convocatoria-tri-olimpico\" srcset=\"http:\/\/desarrollo.grupomedios.com\/futbol\/wp-content\/uploads\/2016\/04\/convocatoria-tri-olimpico.jpg 820w, http:\/\/desarrollo.grupomedios.com\/futbol\/wp-content\/uploads\/2016\/04\/convocatoria-tri-olimpico-300x142.jpg 300w, http:\/\/desarrollo.grupomedios.com\/futbol\/wp-content\/uploads\/2016\/04\/convocatoria-tri-olimpico-768x364.jpg 768w\" sizes=\"(max-width: 820px) 100vw, 820px\" \/><\/a><\/p>\n<p>En la vers\u00e1til lista de convocados del <em>Potro<\/em> <strong>Guti\u00e9rrez<\/strong> aparecen\u00a0como novedades: Kevin Guti\u00e9rrez,\u00a0de <em>Xolos<\/em> de Tijuana; Luis L\u00f3pez,\u00a0de Monterrey; Osvaldo Rodr\u00edguez, de los <em>Tuzos<\/em> del Pachuca; Ulises Rivas, de Santos; y Luis Loro\u00f1a, de <em>Jaguares<\/em> de Chiapas.<\/p>\n<p>Adem\u00e1s, destaca que\u00a0dos canteranos\u00a0de las <em>\u00c1guilas<\/em> del\u00a0Am\u00e9rica fueron incluidos: Alejandro D\u00edaz y Mart\u00edn Z\u00fa\u00f1iga, este \u00faltimo actualmente jugador de <em>Xolos<\/em>.<\/p>\n<p>En tanto, en la convocatoria del <a href=\"http:\/\/www.futboltotal.com.mx\/futbol-mexicano\/seleccion-mexicana\/\" target=\"_blank\"><em>Tri<\/em> <strong>ol\u00edmpico<\/strong><\/a> se incluye a tres elementos de\u00a0Chivas: Hedgardo Mar\u00edn, Ra\u00fal L\u00f3pez y Michael P\u00e9rez. Sin embargo,\u00a0habr\u00e1 que ver si son cedidos. pues\u00a0la directiva <em>rojiblanca<\/em> ha expresado su negativa a no cederlos si no se trataba de una Fecha FIFA.<\/p>\n<p>Y entorno al <em>Reba\u00f1o<\/em>, cabe apuntar la ausencia de\u00a0Carlos Salcedo, \u00c1ngel Zald\u00edvar\u00a0y\u00a0Carlos Cisneros, quienes <a href=\"http:\/\/www.futboltotal.com.mx\/2016\/03\/revelan-convocatoria-del-tri-olimpico\/\" target=\"_blank\">s\u00ed fueron considerados para participar en la \u00faltima gira por Europa del combinado <em>azteca<\/em><\/a>.<\/p>\n<p><strong><span style=\"color: #800000;\">NO ES DEFINITIVA<\/span><\/strong> | Cabe apuntar que esta convocatoria no es la definitiva rumbo a los\u00a0Juegos Ol\u00edmpicos R\u00edo 2016. La concentraci\u00f3n servir\u00e1 para el <em>Potro<\/em> Guti\u00e9rrez siga observando\u00a0a j\u00f3venes de cara a la justa veraniega y para el\u00a0torneo franc\u00e9s Esperanzas de Toulon, que se disputar\u00e1 en el mes de mayo.<\/p>\n","protected":false},"excerpt":{"rendered":"<p>Termin\u00f3 la pol\u00e9mica, C\u00e9sar Montes fue llamado<\/p>\n","protected":false},"author":20,"featured_media":388840,"comment_status":"closed","ping_status":"closed","sticky":false,"template":"","format":"standard","meta":[],"categories":[5,2198,3847],"tags":[5979,2377],"_links":{"self":[{"href":"http:\/\/desarrollo.grupomedios.com\/futbol\/wp-json\/wp\/v2\/posts\/388831"}],"collection":[{"href":"http:\/\/desarrollo.grupomedios.com\/futbol\/wp-json\/wp\/v2\/posts"}],"about":[{"href":"http:\/\/desarrollo.grupomedios.com\/futbol\/wp-json\/wp\/v2\/types\/post"}],"author":[{"embeddable":true,"href":"http:\/\/desarrollo.grupomedios.com\/futbol\/wp-json\/wp\/v2\/users\/20"}],"replies":[{"embeddable":true,"href":"http:\/\/desarrollo.grupomedios.com\/futbol\/wp-json\/wp\/v2\/comments?post=388831"}],"version-history":[{"count":0,"href":"http:\/\/desarrollo.grupomedios.com\/futbol\/wp-json\/wp\/v2\/posts\/388831\/revisions"}],"wp:featuredmedia":[{"embeddable":true,"href":"http:\/\/desarrollo.grupomedios.com\/futbol\/wp-json\/wp\/v2\/media\/388840"}],"wp:attachment":[{"href":"http:\/\/desarrollo.grupomedios.com\/futbol\/wp-json\/wp\/v2\/media?parent=388831"}],"wp:term":[{"taxonomy":"category","embeddable":true,"href":"http:\/\/desarrollo.grupomedios.com\/futbol\/wp-json\/wp\/v2\/categories?post=388831"},{"taxonomy":"post_tag","embeddable":true,"href":"http:\/\/desarrollo.grupomedios.com\/futbol\/wp-json\/wp\/v2\/tags?post=388831"}],"curies":[{"name":"wp","href":"https:\/\/api.w.org\/{rel}","templated":true}]}}