{"id":388838,"date":"2016-04-15T07:01:09","date_gmt":"2016-04-15T13:01:09","guid":{"rendered":"http:\/\/www.futboltotal.com.mx\/?p=388838"},"modified":"2016-04-15T12:15:00","modified_gmt":"2016-04-15T18:15:00","slug":"juegazos-las-semifinales-europa-league","status":"publish","type":"post","link":"http:\/\/desarrollo.grupomedios.com\/futbol\/futbol-internacional\/juegazos-las-semifinales-europa-league\/2016\/04","title":{"rendered":"Semifinales de Europa League&#8230; \u00a1Juegazos!"},"content":{"rendered":"<p>Tras el <span style=\"color: #3366ff;\"><a style=\"color: #3366ff;\" href=\"http:\/\/www.futboltotal.com.mx\/2016\/04\/semifinales-ensueno-en-champions-league\/\">sorteo de Champions League<\/a><\/span>, se realiz\u00f3 el del segundo torneo en importancia continental:\u00a0<strong><span style=\"color: #3366ff;\"><a style=\"color: #3366ff;\" href=\"http:\/\/www.futboltotal.com.mx\/?s=europa+league+\">Europa League<\/a><\/span><\/strong>, certamen que\u00a0defini\u00f3 sus cruces para las semifinales \u00a0rumbo a Basilea. Shakhtar\u00a0ante\u00a0Sevilla y Villarreal\u00a0contra\u00a0Liverpool ser\u00e1n los juegazos a celebrarse los d\u00edas 28 de abril y 5 de mayo. Y con ello, est\u00e1 latente la posibilidad de una final completamente espa\u00f1ola.<\/p>\n<p style=\"text-align: center;\"><strong><span style=\"color: #3366ff;\"><a style=\"color: #3366ff;\" href=\"http:\/\/www.futboltotal.com.mx\/2016\/04\/clasificados-a-semifinales-europa-league\/\">LEER M\u00c1S: Invitados de lujo en Europa League<\/a><\/span><\/strong><\/p>\n<p><a href=\"http:\/\/www.futboltotal.com.mx\/wp-content\/uploads\/2016\/04\/2353722_w2.jpg\" rel=\"attachment wp-att-388839\"><img decoding=\"async\" loading=\"lazy\" class=\"wp-image-388839 size-full aligncenter\" src=\"http:\/\/www.futboltotal.com.mx\/wp-content\/uploads\/2016\/04\/2353722_w2.jpg\" alt=\"2353722_w2\" srcset=\"http:\/\/desarrollo.grupomedios.com\/futbol\/wp-content\/uploads\/2016\/04\/2353722_w2.jpg 656w, http:\/\/desarrollo.grupomedios.com\/futbol\/wp-content\/uploads\/2016\/04\/2353722_w2-300x169.jpg 300w, http:\/\/desarrollo.grupomedios.com\/futbol\/wp-content\/uploads\/2016\/04\/2353722_w2-580x325.jpg 580w\" sizes=\"(max-width: 656px) 100vw, 656px\" \/><\/a><\/p>\n<p>El Sevilla, tras tumbar en cuartos al Athletic en los penaltis, pelear\u00e1 por ganar su tercera <strong>Europa League<\/strong> consecutiva y la quinta de su historia. No lo tendr\u00e1 f\u00e1cil ante un Shakhtar que ha ido arrollando a sus rivales en las anteriores rondas, incluido el Braga portugu\u00e9s en cuartos y ya con la experiencia de ganar la <strong>Europa League<\/strong> en 2009.<\/p>\n<p>Villarreal luchar\u00e1 por meterse en su primera final tras haber disputado con esta cuatro semifinales en Europa. Volver\u00e1 a vivir un duelo hist\u00f3rico ante un grande como el Liverpool. Los <em>Reds<\/em>, ganadores de cinco Copas de Europa y tres UEFA, se presentan en semifinales despu\u00e9s de una gesta frente al Dortmund en la que remontaron la eliminatoria en Anfield hasta el 5-4 final. La <strong>Europa League<\/strong> es su \u00fanica v\u00eda para acceder a la Champions, pues ahora mismo es octavo en la Premier.<\/p>\n","protected":false},"excerpt":{"rendered":"<p>Podr\u00eda existir final espa\u00f1ola en Basilea <\/p>\n","protected":false},"author":20,"featured_media":388841,"comment_status":"closed","ping_status":"closed","sticky":false,"template":"","format":"standard","meta":[],"categories":[3857,3839,5951],"tags":[516],"_links":{"self":[{"href":"http:\/\/desarrollo.grupomedios.com\/futbol\/wp-json\/wp\/v2\/posts\/388838"}],"collection":[{"href":"http:\/\/desarrollo.grupomedios.com\/futbol\/wp-json\/wp\/v2\/posts"}],"about":[{"href":"http:\/\/desarrollo.grupomedios.com\/futbol\/wp-json\/wp\/v2\/types\/post"}],"author":[{"embeddable":true,"href":"http:\/\/desarrollo.grupomedios.com\/futbol\/wp-json\/wp\/v2\/users\/20"}],"replies":[{"embeddable":true,"href":"http:\/\/desarrollo.grupomedios.com\/futbol\/wp-json\/wp\/v2\/comments?post=388838"}],"version-history":[{"count":0,"href":"http:\/\/desarrollo.grupomedios.com\/futbol\/wp-json\/wp\/v2\/posts\/388838\/revisions"}],"wp:featuredmedia":[{"embeddable":true,"href":"http:\/\/desarrollo.grupomedios.com\/futbol\/wp-json\/wp\/v2\/media\/388841"}],"wp:attachment":[{"href":"http:\/\/desarrollo.grupomedios.com\/futbol\/wp-json\/wp\/v2\/media?parent=388838"}],"wp:term":[{"taxonomy":"category","embeddable":true,"href":"http:\/\/desarrollo.grupomedios.com\/futbol\/wp-json\/wp\/v2\/categories?post=388838"},{"taxonomy":"post_tag","embeddable":true,"href":"http:\/\/desarrollo.grupomedios.com\/futbol\/wp-json\/wp\/v2\/tags?post=388838"}],"curies":[{"name":"wp","href":"https:\/\/api.w.org\/{rel}","templated":true}]}}