{"id":388912,"date":"2016-04-15T10:53:21","date_gmt":"2016-04-15T16:53:21","guid":{"rendered":"http:\/\/www.futboltotal.com.mx\/?p=388912"},"modified":"2016-04-15T13:49:37","modified_gmt":"2016-04-15T19:49:37","slug":"la-razon-la-rafa-marquez-sale-a-la-calle","status":"publish","type":"post","link":"http:\/\/desarrollo.grupomedios.com\/futbol\/futbol-mexicano\/la-razon-la-rafa-marquez-sale-a-la-calle\/2016\/04","title":{"rendered":"La raz\u00f3n por la que Rafa M\u00e1rquez no sale a la calle"},"content":{"rendered":"<p>Esta ma\u00f1ana previo a la pr\u00e1ctica del<strong> Atlas<\/strong>,<strong> Rafael M\u00e1rquez <\/strong>atendi\u00f3 a los medios de comunicaci\u00f3n\u00a0en las v\u00edsperas del Cl\u00e1sico Tapat\u00edo. El <em>Kaiser<\/em> se dijo avergonzado por la situaci\u00f3n del club.<a href=\"http:\/\/www.futboltotal.com.mx\/wp-content\/uploads\/2016\/04\/2016-04-15.jpg\" rel=\"attachment wp-att-388917\"><img decoding=\"async\" loading=\"lazy\" class=\"alignnone wp-image-388917 size-full\" src=\"http:\/\/www.futboltotal.com.mx\/wp-content\/uploads\/2016\/04\/2016-04-15.jpg\" alt=\"2016-04-15\" srcset=\"http:\/\/desarrollo.grupomedios.com\/futbol\/wp-content\/uploads\/2016\/04\/2016-04-15.jpg 940w, http:\/\/desarrollo.grupomedios.com\/futbol\/wp-content\/uploads\/2016\/04\/2016-04-15-300x251.jpg 300w, http:\/\/desarrollo.grupomedios.com\/futbol\/wp-content\/uploads\/2016\/04\/2016-04-15-768x644.jpg 768w\" sizes=\"(max-width: 940px) 100vw, 940px\" \/><\/a><\/p>\n<p><span style=\"color: #3366ff;\"><strong><a style=\"color: #3366ff;\" href=\"http:\/\/www.futboltotal.com.mx\/2016\/04\/11-ideal-jugadores-estuvieron-en-chivas-atlas\/\">LEER M\u00c1S: 11 ideal de futbolistasque estuvieron en Chivas y Atlas<\/a><\/strong><\/span><\/p>\n<p>La evoluci\u00f3n de <strong>Rafa M\u00e1rquez<\/strong> de sus molestias le har\u00e1n ser un indiscutible en el esquema a utilizar por el estratega Gustavo Costas par el duelo del domingo ante Chivas. A inicios de la semana estuvo en duda su participaci\u00f3n pero el zaguero se declar\u00f3 m\u00e1s que listo par romper la racha de seis partidos de los rojinegros sin conocer la victoria.<\/p>\n<blockquote class=\"twitter-tweet\" data-lang=\"es\"><p>\u201cTenemos que ir por la victoria el domingo, s\u00ed o s\u00ed\u201d <a href=\"https:\/\/twitter.com\/RafaMarquezMX\">@RafaMarquezMX<\/a><\/p>\n<p>\u2014 Atlas FC (@atlasfc) <a href=\"https:\/\/twitter.com\/atlasfc\/status\/720984699275862020\">15 de abril de 2016<\/a><\/p><\/blockquote>\n<p><script src=\"\/\/platform.twitter.com\/widgets.js\" async=\"\" charset=\"utf-8\"><\/script><\/p>\n<p>&#8220;Estoy bien para el Cl\u00e1sico Tapat\u00edo, al 100 por ciento&#8221;, expres\u00f3 el defensa en conferencia de prensa, en la que mostr\u00f3 su deseo de jugar: &#8220;Tengo muchas ganas de disputar este partido tan importante. Tenemos que ir por la victoria s\u00ed o s\u00ed&#8221;, sentenci\u00f3.<\/p>\n<p><strong>Rafa M\u00e1rquez<\/strong> se enoj\u00f3 con una periodista tras ser cuestionado si exist\u00eda una analog\u00eda entre el Cl\u00e1sico Tapat\u00edo y el Cl\u00e1sico Espa\u00f1ol, pues el experimentado defensor explic\u00f3 que hay bastantes diferencias. &#8220;\u00bfEs broma, no? No hay comparaci\u00f3n, est\u00e1s hablando del mejor cl\u00e1sico del mundo a un cl\u00e1sico nada m\u00e1s de aqu\u00ed de una ciudad&#8221;, refut\u00f3 con un aire de incredulidad por la pregunta.<\/p>\n<p>[video_player]https:\/\/player.vimeo.com\/external\/162541317.hd.mp4?s=5eaae3ba0e180ecb51d3924b74fa97d07ae480aa&amp;profile_id=174[\/video_player]<\/p>\n","protected":false},"excerpt":{"rendered":"<p>El Kaiser vivir\u00e1 un Cl\u00e1sico Tapat\u00edo tras m\u00e1s de 15 a\u00f1os<\/p>\n","protected":false},"author":20,"featured_media":388913,"comment_status":"closed","ping_status":"closed","sticky":false,"template":"","format":"standard","meta":[],"categories":[2198,3845,5950],"tags":[5961,4358],"_links":{"self":[{"href":"http:\/\/desarrollo.grupomedios.com\/futbol\/wp-json\/wp\/v2\/posts\/388912"}],"collection":[{"href":"http:\/\/desarrollo.grupomedios.com\/futbol\/wp-json\/wp\/v2\/posts"}],"about":[{"href":"http:\/\/desarrollo.grupomedios.com\/futbol\/wp-json\/wp\/v2\/types\/post"}],"author":[{"embeddable":true,"href":"http:\/\/desarrollo.grupomedios.com\/futbol\/wp-json\/wp\/v2\/users\/20"}],"replies":[{"embeddable":true,"href":"http:\/\/desarrollo.grupomedios.com\/futbol\/wp-json\/wp\/v2\/comments?post=388912"}],"version-history":[{"count":0,"href":"http:\/\/desarrollo.grupomedios.com\/futbol\/wp-json\/wp\/v2\/posts\/388912\/revisions"}],"wp:featuredmedia":[{"embeddable":true,"href":"http:\/\/desarrollo.grupomedios.com\/futbol\/wp-json\/wp\/v2\/media\/388913"}],"wp:attachment":[{"href":"http:\/\/desarrollo.grupomedios.com\/futbol\/wp-json\/wp\/v2\/media?parent=388912"}],"wp:term":[{"taxonomy":"category","embeddable":true,"href":"http:\/\/desarrollo.grupomedios.com\/futbol\/wp-json\/wp\/v2\/categories?post=388912"},{"taxonomy":"post_tag","embeddable":true,"href":"http:\/\/desarrollo.grupomedios.com\/futbol\/wp-json\/wp\/v2\/tags?post=388912"}],"curies":[{"name":"wp","href":"https:\/\/api.w.org\/{rel}","templated":true}]}}