{"id":388916,"date":"2016-04-15T15:23:23","date_gmt":"2016-04-15T21:23:23","guid":{"rendered":"http:\/\/www.futboltotal.com.mx\/?p=388916"},"modified":"2016-04-15T16:43:01","modified_gmt":"2016-04-15T22:43:01","slug":"inolvidable-e-historico-triunfo-del-atlas-chivas","status":"publish","type":"post","link":"http:\/\/desarrollo.grupomedios.com\/futbol\/destacado-home\/inolvidable-e-historico-triunfo-del-atlas-chivas\/2016\/04","title":{"rendered":"El inolvidable triunfo del Atlas sobre Chivas"},"content":{"rendered":"<p>En la temporada 1949-50, los <span style=\"color: #3366ff;\"><a style=\"color: #3366ff;\" href=\"http:\/\/www.futboltotal.com.mx\/equipos\/atlas\/\" target=\"_blank\"><em>Rojinegros<\/em> del <strong>Atlas<\/strong><\/a><\/span>, dirigidos por Eduardo <em>Ch\u00e9<\/em> Valdatti, ganaron su segunda Copa M\u00e9xico y enseguida el Campe\u00f3n de Campeones, logros por los que eran considerados el mejor equipo de la \u00e9poca y favoritos para ser campeones del siguiente torneo: la <strong>campa\u00f1a 1950-51<\/strong>.<\/p>\n<p>Los <em>rojinegros<\/em> confirmaban su condici\u00f3n de favoritos jornada a jornada, solo Le\u00f3n, Atlante y Necaxa acecharon el liderato general en la parte final de la campa\u00f1a. Fue hasta la pen\u00faltima jornada cuando <strong>Atlas<\/strong> consigui\u00f3 el t\u00edtulo tras vencer al odiado rival: las\u00a0<span style=\"color: #3366ff;\"><a href=\"http:\/\/www.futboltotal.com.mx\/equipos\/guadalajara\/\" target=\"_blank\"><strong>Chivas<\/strong> del <strong>Guadalajara<\/strong><\/a><\/span>, en la edici\u00f3n 23 del <strong>Cl\u00e1sico Tapat\u00edo<\/strong>.<\/p>\n<p style=\"text-align: center;\"><span style=\"color: #3366ff;\"><strong><a style=\"color: #3366ff;\" href=\"http:\/\/www.futboltotal.com.mx\/2016\/04\/vergara-responde-al-desden-rafa-marquez\/\">LEER M\u00c1S: Vergara responde al desd\u00e9n de Rafa M\u00e1rquez<\/a><\/strong><\/span><\/p>\n<p>Ese juego, disputado el 22 de abril de 1951, entusiasm\u00f3 a la capital de Jalisco, por ello 15\u00a0mil\u00a0305 aficionados se desplazaron al estadio Parque Oblatos para hacerlo\u00a0lucir rebosante.<\/p>\n<p><a href=\"http:\/\/www.futboltotal.com.mx\/wp-content\/uploads\/2016\/04\/clasicoretro-1.jpg\" rel=\"attachment wp-att-388971\"><img decoding=\"async\" loading=\"lazy\" class=\"alignnone wp-image-388971 size-full\" src=\"http:\/\/www.futboltotal.com.mx\/wp-content\/uploads\/2016\/04\/clasicoretro-1.jpg\" alt=\"clasicoretro\" srcset=\"http:\/\/desarrollo.grupomedios.com\/futbol\/wp-content\/uploads\/2016\/04\/clasicoretro-1.jpg 940w, http:\/\/desarrollo.grupomedios.com\/futbol\/wp-content\/uploads\/2016\/04\/clasicoretro-1-300x251.jpg 300w, http:\/\/desarrollo.grupomedios.com\/futbol\/wp-content\/uploads\/2016\/04\/clasicoretro-1-768x644.jpg 768w\" sizes=\"(max-width: 940px) 100vw, 940px\" \/><\/a><\/p>\n<p>El primer tiempo fue muy cerrado. <strong>Guadalajara<\/strong> se aplic\u00f3 muy bien en la defensa y evit\u00f3 que los atacantes\u00a0<em>rojinegros<\/em>\u00a0Edwin Cubero,\u00a0<em>Dumbo<\/em>\u00a0L\u00f3pez y Mercado tiraran al arco. Adem\u00e1s, el joven portero Jaime\u00a0<em>Tubo<\/em>\u00a0G\u00f3mez estuvo atento.<\/p>\n<p style=\"text-align: center;\"><strong><span style=\"color: #3366ff;\"><a style=\"color: #3366ff;\" href=\"http:\/\/www.futboltotal.com.mx\/2016\/04\/agenda-tv-jornada-14-del-clausura-2016\/\" target=\"_blank\">VER M\u00c1S:\u00a0AGENDA TV | \u00a1Se viene el Cl\u00e1sico tapat\u00edo!<\/a><\/span><\/strong><\/p>\n<p>Fue hasta el minuto 55 cuando Rafael\u00a0<em>Raffles<\/em>\u00a0Orozco,\u00a0defensa de\u00a0las <strong>Chivas<\/strong>,\u00a0intent\u00f3 sacar el bal\u00f3n de su \u00e1rea con la cabeza, pero no conect\u00f3 bien y la pelota se le escurri\u00f3 por el hombro. El \u00e1rbitro Horacio\u00a0<em>Cuate<\/em>\u00a0Salceda no dud\u00f3 y marc\u00f3 penal: los jugadores\u00a0<em>rojiblancos<\/em>\u00a0se le fueron encima para reclamarle la decisi\u00f3n.<\/p>\n<p>Edwin Cubero -extremo izquierdo costarricense- acomod\u00f3 el esf\u00e9rico\u00a0en el manch\u00f3n y ejecut\u00f3 el disparo al \u00e1ngulo izquierdo del\u00a0<em>Tubo<\/em>, quien enga\u00f1ado, se lanz\u00f3 a la derecha. <strong>Atlas<\/strong> se repleg\u00f3 y <strong>Guadalajara<\/strong> se fue con todo, pero no consigui\u00f3 la igualada.<\/p>\n<p>De esta forma, tras ganar el <strong>Cl\u00e1sico Tapat\u00edo<\/strong>, el cuadro <em>rojinegro<\/em>\u00a0asegur\u00f3 el liderato general y se convirti\u00f3 en el primer equipo de Jalisco en coronarse campe\u00f3n de liga en la Era profesional, luego de sumar\u00a030 puntos,\u00a0tras\u00a012 triunfos, seis empates y cuatro derrotas.<\/p>\n<blockquote class=\"twitter-tweet\" data-lang=\"es\">\n<p dir=\"ltr\" lang=\"es\"><a href=\"https:\/\/twitter.com\/hashtag\/As%C3%ADLoDijo?src=hash\">#As\u00edLoDijo<\/a> <a href=\"https:\/\/twitter.com\/RafaMarquezMX\">@RafaMarquezMX<\/a> &#8220;Tenemos que ir por la victoria el domingo s\u00ed o s\u00ed&#8221;<a href=\"https:\/\/twitter.com\/hashtag\/SoyFiel?src=hash\">#SoyFiel<\/a> <a href=\"https:\/\/t.co\/dZTteoeTzz\">pic.twitter.com\/dZTteoeTzz<\/a><\/p>\n<p>\u2014 Atlas FC (@atlasfc) <a href=\"https:\/\/twitter.com\/atlasfc\/status\/721051014594318336\">15 de abril de 2016<\/a><\/p><\/blockquote>\n<p><script src=\"\/\/platform.twitter.com\/widgets.js\" async=\"\" charset=\"utf-8\"><\/script><\/p>\n<p>Se hizo inalcanzable para el Le\u00f3n, que en la misma jornada perdi\u00f3 1-0 ante Veracruz, y para el Atlante, pese a ganarle 2-1 a los\u00a0<em>Acad\u00e9micos<\/em>\u00a0en la \u00faltima fecha.<\/p>\n<p>Al d\u00eda siguiente del juego, <strong>Guadalajara<\/strong>\u00a0envi\u00f3 una carta a la Federaci\u00f3n Mexicana de Futbol para solicitarle que ni el \u00e1rbitro\u00a0<em>Cuate<\/em>\u00a0Salceda ni el abanderado Luis Quezada, volvieran a dirigir alguno de sus partidos.<\/p>\n<p style=\"text-align: center;\"><span style=\"color: #3366ff;\"><strong><a style=\"color: #3366ff;\" href=\"http:\/\/www.futboltotal.com.mx\/2016\/04\/la-razon-la-rafa-maquez-sale-a-la-calle\/\" target=\"_blank\">LEER M\u00c1S:\u00a0La raz\u00f3n por la que Rafa M\u00e1quez no sale a la calle<\/a><\/strong><\/span><\/p>\n<p>\u201cEste club recusa para siempre al \u00e1rbitro Salceda, por su torpe atraco al marcarnos imaginario penalty. Tambi\u00e9n recusamos toda intervenci\u00f3n en nuestros partidos del abanderado Quezada, quien siempre ha tratado de perjudicarnos en sus intervenciones como \u00e1rbitro y abanderado\u201d, dec\u00eda parte del texto.<\/p>\n","protected":false},"excerpt":{"rendered":"<p>Los Rojinegros ganaron su \u00fanico t\u00edtulo de liga en un Cl\u00e1sico<\/p>\n","protected":false},"author":127,"featured_media":388928,"comment_status":"closed","ping_status":"closed","sticky":false,"template":"","format":"standard","meta":[],"categories":[5,2198,3845],"tags":[5961,5963],"_links":{"self":[{"href":"http:\/\/desarrollo.grupomedios.com\/futbol\/wp-json\/wp\/v2\/posts\/388916"}],"collection":[{"href":"http:\/\/desarrollo.grupomedios.com\/futbol\/wp-json\/wp\/v2\/posts"}],"about":[{"href":"http:\/\/desarrollo.grupomedios.com\/futbol\/wp-json\/wp\/v2\/types\/post"}],"author":[{"embeddable":true,"href":"http:\/\/desarrollo.grupomedios.com\/futbol\/wp-json\/wp\/v2\/users\/127"}],"replies":[{"embeddable":true,"href":"http:\/\/desarrollo.grupomedios.com\/futbol\/wp-json\/wp\/v2\/comments?post=388916"}],"version-history":[{"count":0,"href":"http:\/\/desarrollo.grupomedios.com\/futbol\/wp-json\/wp\/v2\/posts\/388916\/revisions"}],"wp:featuredmedia":[{"embeddable":true,"href":"http:\/\/desarrollo.grupomedios.com\/futbol\/wp-json\/wp\/v2\/media\/388928"}],"wp:attachment":[{"href":"http:\/\/desarrollo.grupomedios.com\/futbol\/wp-json\/wp\/v2\/media?parent=388916"}],"wp:term":[{"taxonomy":"category","embeddable":true,"href":"http:\/\/desarrollo.grupomedios.com\/futbol\/wp-json\/wp\/v2\/categories?post=388916"},{"taxonomy":"post_tag","embeddable":true,"href":"http:\/\/desarrollo.grupomedios.com\/futbol\/wp-json\/wp\/v2\/tags?post=388916"}],"curies":[{"name":"wp","href":"https:\/\/api.w.org\/{rel}","templated":true}]}}