{"id":388940,"date":"2016-04-16T07:20:10","date_gmt":"2016-04-16T13:20:10","guid":{"rendered":"http:\/\/www.futboltotal.com.mx\/?p=388940"},"modified":"2016-04-16T09:38:16","modified_gmt":"2016-04-16T15:38:16","slug":"en-vivo-bayer-leverkusen-vs-eintracht-frankfurt","status":"publish","type":"post","link":"http:\/\/desarrollo.grupomedios.com\/futbol\/futbol-internacional\/en-vivo-bayer-leverkusen-vs-eintracht-frankfurt\/2016\/04","title":{"rendered":"AS\u00cd SE VIVI\u00d3 | Bayer Leverkusen 3-0 Eintracht Frankfurt"},"content":{"rendered":"<p><span style=\"color: #ff0000;\">92:00<\/span> | Final del partido.<\/p>\n<p><span style=\"color: #ff0000;\">89:00<\/span> | \u00a1Gooooooooool del Bayer Leverkusen! Ahora fue Bellarabi el que lleg\u00f3 para firmar la goleada.<\/p>\n<p><span style=\"color: #ff0000;\">85:00<\/span> | No hay reacci\u00f3n de las \u00c1guilas.<\/p>\n<p><span style=\"color: #ff0000;\">75:00<\/span> | \u00a1Gooooooool del Bayer Leverkusen! Bellarabi desbord\u00f3 por la izquierda, cedi\u00f3 a Brandt que s\u00f3lo la empuj\u00f3 para doblar la ventaja.<\/p>\n<p><iframe loading=\"lazy\" src=\"https:\/\/www.youtube.com\/embed\/7P5lQVTvcEM\" frameborder=\"0\" allowfullscreen=\"allowfullscreen\"><\/iframe><br \/>\n<span style=\"color: #ff0000;\">70:00<\/span> | \u00a1Gooooooooool del Bayer Leverkusen! No todo es negativo para las Aspirinas, porque Kampl que acababa de ingresar le pega de volea y la manda al fondo de la red.<\/p>\n<blockquote class=\"twitter-tweet\" data-lang=\"es\">\n<p dir=\"ltr\" lang=\"es\">Se lesiona Chicharito, le sustituye Kampl. Primer bal\u00f3n que toca. <a href=\"https:\/\/t.co\/kSkxL6pXHG\">pic.twitter.com\/kSkxL6pXHG<\/a><\/p>\n<p>\u2014 Tippickbet (@Tipickbet) <a href=\"https:\/\/twitter.com\/Tipickbet\/status\/721352232839614466\">16 de abril de 2016<\/a><\/p><\/blockquote>\n<p><script src=\"\/\/platform.twitter.com\/widgets.js\" async=\"\" charset=\"utf-8\"><\/script><\/p>\n<p><span style=\"color: #ff0000;\">69:00<\/span> | \u00a1Uy! Cambio obligado del Bayer, entra Kevin Kampl y sale por lesi\u00f3n Chicharito que de inmediato se fue a los vestidores con el cuerpo t\u00e9cnico.<\/p>\n<p><span style=\"color: #ff0000;\">67:00<\/span> | Hasta el momento, Javier Hern\u00e1ndez no ha tenido ninguna clara. Marco Fabi\u00e1n sigue en la banca.<\/p>\n<p><span style=\"color: #ff0000;\">63:00<\/span> | Chicharito se duele de un golpe que le propin\u00f3\u00a0Abraham pero todo qued\u00f3 ah\u00ed.<\/p>\n<p><span style=\"color: #ff0000;\">58:00<\/span> |\u00a0Seferovic quer\u00eda rematar en el \u00e1rea pero la defensa le quit\u00f3 la posibilidad.<\/p>\n<p><span style=\"color: #ff0000;\">53:00<\/span> | A diferencia del primer tiempo, las \u00c1guilas presionan la salida del rival y le complica su estrategia ofensiva.<\/p>\n<p><span style=\"color: #ff0000;\">50:00<\/span> | El partido es una verdadera batalla por el medio campo.<\/p>\n<p><span style=\"color: #ff0000;\">45:00<\/span>\u00a0| Comienza el segundo tiempo.<\/p>\n<p><span style=\"color: #ff0000;\">45:00<\/span> | Acaba el primer tiempo.<\/p>\n<p><span style=\"color: #ff0000;\">39:00<\/span> | Bayer intent\u00f3 por ambas bandas pero la defensa rojinegra est\u00e1 bien para atr\u00e1s y oblig\u00f3 al disparo de Yurchenko.<\/p>\n<p><span style=\"color: #ff0000;\">36:00 <\/span>| Chicharito cambi\u00f3 de rol, \u00a0ahora intent\u00f3 asistir a Bellarabi pero el pase fue muy largo<\/p>\n<p><span style=\"color: #ff0000;\">32:00<\/span> | Chicharito sigue esperando una oportunidad pero el medio campo no lo ayuda.<\/p>\n<p><span style=\"color: #ff0000;\">28:00<\/span> | Bellarabi sac\u00f3 potente remate que se qued\u00f3 en las manos del portero.<\/p>\n<p><span style=\"color: #ff0000;\">26:00 <\/span>| Las faltas siguen siendo el com\u00fan en las dos escuadras.<\/p>\n<p><span style=\"color: #ff0000;\">23:00<\/span> | Las \u00c1guilas generaron un peligroso ataque pero Tah acab\u00f3 con la jugada.<\/p>\n<p><span style=\"color: #ff0000;\">21:00 <\/span>| Vaya problema que estaba haciendo\u00a0Henrichs que midi\u00f3 mal y se la regal\u00f3 a\u00a0Castaignos, que por su parte nunca pudo controlar bien y se perdi\u00f3 el mano a mano con el portero.<\/p>\n<p><span style=\"color: #ff0000;\">18:00<\/span>\u00a0| \u00a1Nooo! Bellarabi ten\u00eda todo para d\u00e1rsela a Chicharito que estaba solo en el \u00e1rea, pero el dorsal 38 pec\u00f3 de individualista.<\/p>\n<p><span style=\"color: #ff0000;\">13:00<\/span> | El partido tiene cierta verticalidad, pero las faltas merman el desarrollo de \u00e9ste.<\/p>\n<p><span style=\"color: #ff0000;\">10:00<\/span> | Chicharito ya se saboreaba el mano a mano con Hradecky, pero se marc\u00f3 fuera de juego.<\/p>\n<p><span style=\"color: #ff0000;\">07:00<\/span> | Leverkusen mantiene la presi\u00f3n sobre el rival pero de momento no tienen qui\u00e9n mande un centro preciso.<\/p>\n<p><span style=\"color: #ff0000;\">03:00<\/span> | Primera aproximaci\u00f3n de las Aspirinas Bellarabi sac\u00f3 disparo que se fue a las gradas.<\/p>\n<p><span style=\"color: #ff0000;\">00:00<\/span> | \u00a1Comienza el partido!<\/p>\n<p>Alineaci\u00f3n Eintracht Frakfurt:<\/p>\n<blockquote class=\"twitter-tweet\" data-lang=\"es\"><p>\nONCENA TITULAR<br \/>\n Hradecky, Russ, Abraham, Hasebe, Castaignos, Oczipka,Huszti, Seferovic, Chandler, Stendera, Aigner<br \/>\n Vamos <a href=\"https:\/\/twitter.com\/hashtag\/Eintracht?src=hash\">#Eintracht<\/a>!<br \/>\n <a href=\"https:\/\/twitter.com\/hashtag\/B04SGE?src=hash\">#B04SGE<\/a><\/p>\n<p>\u2014 eintracht_esp (@eintracht_esp) <a href=\"https:\/\/twitter.com\/eintracht_esp\/status\/721315052641468418\">16 de abril de 2016<\/a>\n<\/p><\/blockquote>\n<p><script src=\"\/\/platform.twitter.com\/widgets.js\" async=\"\" charset=\"utf-8\"><\/script><\/p>\n<p>Alineaci\u00f3n Bayer Leverkusen:<\/p>\n<blockquote class=\"twitter-tweet\" data-lang=\"es\"><p>\u00a1Nuestro 1\ufe0f\u20e31\ufe0f\u20e3 inicial! ?\u26ab\ufe0f\u2764\ufe0f<a href=\"https:\/\/twitter.com\/hashtag\/B04SGE?src=hash\">#B04SGE<\/a> <a href=\"https:\/\/t.co\/6KygJxWZeX\">pic.twitter.com\/6KygJxWZeX<\/a><\/p>\n<p>\u2014 Bayer 04 Leverkusen (@bayer04_es) <a href=\"https:\/\/twitter.com\/bayer04_es\/status\/721316803104735233\">16 de abril de 2016<\/a><\/p><\/blockquote>\n<p><script src=\"\/\/platform.twitter.com\/widgets.js\" async=\"\" charset=\"utf-8\"><\/script><br \/>\nEl duelo que capta la atenci\u00f3n para todos los mexicanos pero tambi\u00e9n para la Bundesliga se escenificar\u00e1 en el Bay Arena en el <strong>Bayer Leverkusen vs. Eintracht Frankfurt<\/strong>, cuando choquen Javier Chicharito Hern\u00e1ndez y Marco Fabi\u00e1n, un duelo que <strong><span style=\"color: #3366ff;\"><a style=\"color: #3366ff;\" href=\"http:\/\/www.futboltotal.com.mx\/2016\/04\/chicharito-marco-fabian-invitan-a-ver-duelo-en-bundesliga\/\">ha sido promocionado durante toda la semana<\/a><\/span><\/strong> por la web oficial de la competencia.<\/p>\n<p>La situaci\u00f3n para ambos equipos es diametralmente opuesta. <strong>Bayer Leverkusen<\/strong> suma cuatro victorias de manera consecutiva y con ello se instal\u00f3 en la cuarta posici\u00f3n (sitio que da acceso a la fase previa de Champions League) con 45 unidades, disfrutando de su mejor momento de la temporada. <strong>Eintracht Frankfurt<\/strong> sufre la otra cara de la moneda. Las \u00c1guilas ocupan la pen\u00faltima posici\u00f3n con 27 puntos y suman solo una victoria en los recientes once encuentros. El lugar actual los mandar\u00eda directo a la Bundesliga 2.<\/p>\n<p style=\"text-align: center;\"><strong><span style=\"color: #3366ff;\"><a style=\"color: #3366ff;\" href=\"http:\/\/www.futboltotal.com.mx\/2016\/04\/chicharito-marco-fabian-invitan-a-ver-duelo-en-bundesliga\/\">LEER M\u00c1S: Rumbo a Juegos Ol\u00edmpicos&#8230;\u00a1S\u00ed hay gol para M\u00e9xico!\u00a0<\/a><\/span><\/strong><\/p>\n<p>El historial entre <strong>Bayer Leverkusen<\/strong> y <strong>Eintracht Frankfurt<\/strong> es sumamente parejo: 26 triunfos para las Aspirinas por 22 para las \u00c1guilas con solo 13 igualadas. Resalta que es el duelo que m\u00e1s ocasiones se ha mantenido sin un empate a cero, con las 61 ocasiones que han chocado con goles, se espera un duelo espectacular, sobre todo, por las metas que desean ambos para esta recta final del campeonato.<\/p>\n<p><a href=\"http:\/\/www.futboltotal.com.mx\/wp-content\/uploads\/2016\/04\/Bayer-Leverkusen-vs.-Eintracht-Frankfurt.jpg\" rel=\"attachment wp-att-388947\"><img decoding=\"async\" loading=\"lazy\" class=\"wp-image-388947 size-full aligncenter\" src=\"http:\/\/www.futboltotal.com.mx\/wp-content\/uploads\/2016\/04\/Bayer-Leverkusen-vs.-Eintracht-Frankfurt.jpg\" alt=\"Bayer Leverkusen vs. Eintracht Frankfurt\" srcset=\"http:\/\/desarrollo.grupomedios.com\/futbol\/wp-content\/uploads\/2016\/04\/Bayer-Leverkusen-vs.-Eintracht-Frankfurt.jpg 628w, http:\/\/desarrollo.grupomedios.com\/futbol\/wp-content\/uploads\/2016\/04\/Bayer-Leverkusen-vs.-Eintracht-Frankfurt-300x169.jpg 300w, http:\/\/desarrollo.grupomedios.com\/futbol\/wp-content\/uploads\/2016\/04\/Bayer-Leverkusen-vs.-Eintracht-Frankfurt-580x325.jpg 580w\" sizes=\"(max-width: 628px) 100vw, 628px\" \/><\/a><\/p>\n","protected":false},"excerpt":{"rendered":"<p>No se dio el duelo de mexicanos en la BayArena<\/p>\n","protected":false},"author":20,"featured_media":389131,"comment_status":"closed","ping_status":"closed","sticky":false,"template":"","format":"standard","meta":[],"categories":[3839,6822,6718,5951],"tags":[4335,119,120,3588,427,131],"_links":{"self":[{"href":"http:\/\/desarrollo.grupomedios.com\/futbol\/wp-json\/wp\/v2\/posts\/388940"}],"collection":[{"href":"http:\/\/desarrollo.grupomedios.com\/futbol\/wp-json\/wp\/v2\/posts"}],"about":[{"href":"http:\/\/desarrollo.grupomedios.com\/futbol\/wp-json\/wp\/v2\/types\/post"}],"author":[{"embeddable":true,"href":"http:\/\/desarrollo.grupomedios.com\/futbol\/wp-json\/wp\/v2\/users\/20"}],"replies":[{"embeddable":true,"href":"http:\/\/desarrollo.grupomedios.com\/futbol\/wp-json\/wp\/v2\/comments?post=388940"}],"version-history":[{"count":0,"href":"http:\/\/desarrollo.grupomedios.com\/futbol\/wp-json\/wp\/v2\/posts\/388940\/revisions"}],"wp:featuredmedia":[{"embeddable":true,"href":"http:\/\/desarrollo.grupomedios.com\/futbol\/wp-json\/wp\/v2\/media\/389131"}],"wp:attachment":[{"href":"http:\/\/desarrollo.grupomedios.com\/futbol\/wp-json\/wp\/v2\/media?parent=388940"}],"wp:term":[{"taxonomy":"category","embeddable":true,"href":"http:\/\/desarrollo.grupomedios.com\/futbol\/wp-json\/wp\/v2\/categories?post=388940"},{"taxonomy":"post_tag","embeddable":true,"href":"http:\/\/desarrollo.grupomedios.com\/futbol\/wp-json\/wp\/v2\/tags?post=388940"}],"curies":[{"name":"wp","href":"https:\/\/api.w.org\/{rel}","templated":true}]}}