{"id":389027,"date":"2016-04-15T17:57:08","date_gmt":"2016-04-15T23:57:08","guid":{"rendered":"http:\/\/www.futboltotal.com.mx\/?p=389027"},"modified":"2016-04-15T17:58:22","modified_gmt":"2016-04-15T23:58:22","slug":"dani-alves-desata-polemica-barcelona-podria-sancionarlo","status":"publish","type":"post","link":"http:\/\/desarrollo.grupomedios.com\/futbol\/futbol-internacional\/dani-alves-desata-polemica-barcelona-podria-sancionarlo\/2016\/04","title":{"rendered":"Dani Alves desata pol\u00e9mica, Barsa podr\u00eda sancionarlo"},"content":{"rendered":"<p>La derrota a media semana frente al Atl\u00e9tico de Madrid que signific\u00f3 la eliminaci\u00f3n del <strong>Barcelona<\/strong> de la Champions League, dej\u00f3 una profunda herida en la afici\u00f3n. A pesar del ambiente hostil que se vive en torno al tema, <strong>Dani Alves<\/strong> public\u00f3 un video que gener\u00f3 pol\u00e9mica.<\/p>\n<p>Por medio de sus redes sociales, el brasile\u00f1o parodi\u00f3 a una mujer que dec\u00eda que s\u00f3lo se trataba de un partido y no ten\u00edan por qu\u00e9 alarmarse.<\/p>\n<p><iframe loading=\"lazy\" src=\"https:\/\/www.youtube.com\/embed\/lvwr-KtbIA0\" frameborder=\"0\" allowfullscreen=\"allowfullscreen\"><\/iframe><\/p>\n<p>Ante \u00e9sta situaci\u00f3n, algunos socios del <strong>Barcelona<\/strong> junto a un sector de la afici\u00f3n se molest\u00f3, situaci\u00f3n que podr\u00eda derivar en una multa al jugador.<\/p>\n<p>&#8220;Ha habido ciertos socios que me han mostrado su malestar porque se sienten afectados por esta aparici\u00f3n. Intentamos que todo lo que se hace no se sepa. Pasan cosas que no se saben y que se hacen y otras que no queremos que se sepan y se saben. Este es un tema de vestuario y si hici\u00e9ramos algo no lo dir\u00eda&#8221;, explic\u00f3 el presidente <em>blaugrana<\/em>, Josep Bartomeu.<\/p>\n<p style=\"text-align: center;\"><span style=\"color: #3366ff;\"><strong><a style=\"color: #3366ff;\" href=\"http:\/\/www.futboltotal.com.mx\/2016\/04\/hechizo-simeone-barcelona\/\" target=\"_blank\">LEER M\u00c1S: Simeone &#8220;lanz\u00f3&#8221; hechizo al Barcelona<\/a><\/strong><\/span><\/p>\n<p>En \u00e9se sentido, el dirigente del <em>Barsa<\/em> subray\u00f3 que si bien se debe regular la actividad de los deportistas en redes sociales, tambi\u00e9n se debe ser tolerante.<\/p>\n","protected":false},"excerpt":{"rendered":"<p>&#8220;Hubo socios molestos por esta aparici\u00f3n&#8221;, Josep Bartomeu<\/p>\n","protected":false},"author":20,"featured_media":389028,"comment_status":"closed","ping_status":"closed","sticky":false,"template":"","format":"standard","meta":[],"categories":[3839,3844,5951],"tags":[5984,5983],"_links":{"self":[{"href":"http:\/\/desarrollo.grupomedios.com\/futbol\/wp-json\/wp\/v2\/posts\/389027"}],"collection":[{"href":"http:\/\/desarrollo.grupomedios.com\/futbol\/wp-json\/wp\/v2\/posts"}],"about":[{"href":"http:\/\/desarrollo.grupomedios.com\/futbol\/wp-json\/wp\/v2\/types\/post"}],"author":[{"embeddable":true,"href":"http:\/\/desarrollo.grupomedios.com\/futbol\/wp-json\/wp\/v2\/users\/20"}],"replies":[{"embeddable":true,"href":"http:\/\/desarrollo.grupomedios.com\/futbol\/wp-json\/wp\/v2\/comments?post=389027"}],"version-history":[{"count":0,"href":"http:\/\/desarrollo.grupomedios.com\/futbol\/wp-json\/wp\/v2\/posts\/389027\/revisions"}],"wp:featuredmedia":[{"embeddable":true,"href":"http:\/\/desarrollo.grupomedios.com\/futbol\/wp-json\/wp\/v2\/media\/389028"}],"wp:attachment":[{"href":"http:\/\/desarrollo.grupomedios.com\/futbol\/wp-json\/wp\/v2\/media?parent=389027"}],"wp:term":[{"taxonomy":"category","embeddable":true,"href":"http:\/\/desarrollo.grupomedios.com\/futbol\/wp-json\/wp\/v2\/categories?post=389027"},{"taxonomy":"post_tag","embeddable":true,"href":"http:\/\/desarrollo.grupomedios.com\/futbol\/wp-json\/wp\/v2\/tags?post=389027"}],"curies":[{"name":"wp","href":"https:\/\/api.w.org\/{rel}","templated":true}]}}