{"id":389165,"date":"2016-04-16T10:20:40","date_gmt":"2016-04-16T16:20:40","guid":{"rendered":"http:\/\/www.futboltotal.com.mx\/?p=389165"},"modified":"2016-04-16T10:23:24","modified_gmt":"2016-04-16T16:23:24","slug":"costosa-victoria-del-bayer-leverkusen","status":"publish","type":"post","link":"http:\/\/desarrollo.grupomedios.com\/futbol\/destacado-home\/costosa-victoria-del-bayer-leverkusen\/2016\/04","title":{"rendered":"Costosa victoria del Bayer Leverkusen"},"content":{"rendered":"<p>No se dio el choque de mexicanos, pues <a href=\"http:\/\/www.futboltotal.com.mx\/2016\/04\/chicharito-se-lesiona-contra-eintracht\/\" target=\"_blank\"><strong><em>Chicharito<\/em> Hern\u00e1ndez<\/strong> sali\u00f3 por lesi\u00f3n al minuto 69<\/a>, mientras que Marco Fabi\u00e1n simplemente vio el encuentro desde la banca, por si fuera poco los goles comenzaron a llegar tras la salida de <em>CH7<\/em> y al final <strong>Bayer Leverkusen<\/strong> venci\u00f3 3-0 al <strong>Eintracht Frankfurt<\/strong>.<\/p>\n<p>La BayArena alberg\u00f3 un duelo que promet\u00eda estar lleno de emotividad al tener dos seleccionados del <em>Tri<\/em> en cada equipo, sin embargo, De la Mora sigue sin convencer al t\u00e9cnico Niko Kovac y por eso no fue ni opci\u00f3n para ingresar a un partido donde las <em>\u00c1guilas<\/em> se vieron dominadas en todo momento.<\/p>\n<p>A pesar de mantener la posesi\u00f3n de la pelota, las <em>Aspirinas<\/em> carecieron de noci\u00f3n ofensiva, lo que produjo oportunidades frente al arco a cuentagotas, no conformes, antes de salir por problemas f\u00edsicos, <strong><em>Chicharito<\/em> Hern\u00e1ndez<\/strong> se hab\u00eda despachado con <a href=\"http:\/\/www.futboltotal.com.mx\/2016\/04\/anulan-golazo-chicharito\/\" target=\"_blank\">un golazo de taquito<\/a> pero se anul\u00f3 la acci\u00f3n por fuera de juego.<\/p>\n<blockquote class=\"twitter-tweet\" data-lang=\"es\">\n<p dir=\"ltr\" lang=\"es\">90+2&#8242; \u00a1GANAMOS! \u26ab\ufe0f \u2764\ufe0f<a href=\"https:\/\/twitter.com\/hashtag\/Bayer04?src=hash\">#Bayer04<\/a> 3-0 <a href=\"https:\/\/twitter.com\/eintracht_esp\">@eintracht_esp<\/a>. \u26bd\ufe0f \u26bd\ufe0f \u26bd\ufe0f<\/p>\n<p>\u00a1Sumamos tres puntos m\u00e1s!<a href=\"https:\/\/twitter.com\/hashtag\/B04SGE?src=hash\">#B04SGE<\/a> <a href=\"https:\/\/t.co\/yTba3Ot41a\">pic.twitter.com\/yTba3Ot41a<\/a><\/p>\n<p>\u2014 Bayer 04 Leverkusen (@bayer04_es) <a href=\"https:\/\/twitter.com\/bayer04_es\/status\/721357691893850113\">16 de abril de 2016<\/a><\/p><\/blockquote>\n<p><script src=\"\/\/platform.twitter.com\/widgets.js\" async=\"\" charset=\"utf-8\"><\/script><\/p>\n<p>Toda vez que Hern\u00e1ndez Balc\u00e1zar abandon\u00f3 la cancha, Kevin Kampl que ingres\u00f3 por el ex ariete del Real Madrid; en su primer bal\u00f3n que toc\u00f3, le peg\u00f3 de volea para abrir el marcador (70\u2019). A partir de ah\u00ed, fue un fest\u00edn para los pupilos de Roger Schmidt pues Julian Brandt (76\u2019) y Karim Bellarabi (90\u2019) se despacharon con la cuchara grande.<\/p>\n<p>Con este resultado, <strong>Bayer Leverkusen<\/strong> escal\u00f3 al tercer puesto con 51 unidades, mientras que <strong>Eintracht Frankfurt<\/strong> se hundi\u00f3 en el descenso al permanecer en el pen\u00faltimo lugar con 27 puntos.<\/p>\n<p><iframe loading=\"lazy\" src=\"https:\/\/www.youtube.com\/embed\/iYDsmMRVfjM\" frameborder=\"0\" allowfullscreen=\"allowfullscreen\"><\/iframe><\/p>\n<p style=\"text-align: center;\"><span style=\"color: #3366ff;\"><strong><a style=\"color: #3366ff;\" href=\"http:\/\/www.futboltotal.com.mx\/2016\/04\/en-vivo-bayer-leverkusen-vs-eintracht-frankfurt\/\" target=\"_blank\">As\u00ed se vivi\u00f3 el Bayer Leverkusen vs. Eintracht Frankfurt<\/a><\/strong><\/span><\/p>\n","protected":false},"excerpt":{"rendered":"<p>Chicharito sali\u00f3 por lesi\u00f3n, Marco Fabi\u00e1n no jug\u00f3<\/p>\n","protected":false},"author":20,"featured_media":389166,"comment_status":"closed","ping_status":"closed","sticky":false,"template":"","format":"standard","meta":[],"categories":[5,3839,6822,6718],"tags":[4335,120,3588,131],"_links":{"self":[{"href":"http:\/\/desarrollo.grupomedios.com\/futbol\/wp-json\/wp\/v2\/posts\/389165"}],"collection":[{"href":"http:\/\/desarrollo.grupomedios.com\/futbol\/wp-json\/wp\/v2\/posts"}],"about":[{"href":"http:\/\/desarrollo.grupomedios.com\/futbol\/wp-json\/wp\/v2\/types\/post"}],"author":[{"embeddable":true,"href":"http:\/\/desarrollo.grupomedios.com\/futbol\/wp-json\/wp\/v2\/users\/20"}],"replies":[{"embeddable":true,"href":"http:\/\/desarrollo.grupomedios.com\/futbol\/wp-json\/wp\/v2\/comments?post=389165"}],"version-history":[{"count":0,"href":"http:\/\/desarrollo.grupomedios.com\/futbol\/wp-json\/wp\/v2\/posts\/389165\/revisions"}],"wp:featuredmedia":[{"embeddable":true,"href":"http:\/\/desarrollo.grupomedios.com\/futbol\/wp-json\/wp\/v2\/media\/389166"}],"wp:attachment":[{"href":"http:\/\/desarrollo.grupomedios.com\/futbol\/wp-json\/wp\/v2\/media?parent=389165"}],"wp:term":[{"taxonomy":"category","embeddable":true,"href":"http:\/\/desarrollo.grupomedios.com\/futbol\/wp-json\/wp\/v2\/categories?post=389165"},{"taxonomy":"post_tag","embeddable":true,"href":"http:\/\/desarrollo.grupomedios.com\/futbol\/wp-json\/wp\/v2\/tags?post=389165"}],"curies":[{"name":"wp","href":"https:\/\/api.w.org\/{rel}","templated":true}]}}