{"id":389213,"date":"2016-04-16T14:48:03","date_gmt":"2016-04-16T20:48:03","guid":{"rendered":"http:\/\/www.futboltotal.com.mx\/?p=389213"},"modified":"2016-04-16T14:48:03","modified_gmt":"2016-04-16T20:48:03","slug":"real-sociedad-carlos-vela-sufren-ante-eibar","status":"publish","type":"post","link":"http:\/\/desarrollo.grupomedios.com\/futbol\/futbol-internacional\/real-sociedad-carlos-vela-sufren-ante-eibar\/2016\/04","title":{"rendered":"Real Sociedad y Carlos Vela sufren ante Eibar"},"content":{"rendered":"<p>El idilio se acab\u00f3 en una semana, pues luego de conseguir la haza\u00f1a la jornada pasada y vencer al Barcelona, este s\u00e1bado la <strong>Real Sociedad <\/strong>regres\u00f3 a la amargura despu\u00e9s de permitir que le dieran la vuelta y perder 2-1 frente al <strong>Eibar<\/strong>.<\/p>\n<p>La ilusi\u00f3n para el conjunto <em>Txuri-Urdin<\/em> se dispar\u00f3 cuando David Zurutuza consigui\u00f3 abrir el marcador apenas al minuto 7. Con dicha anotaci\u00f3n m\u00e1s de uno pens\u00f3 que ser\u00eda una tarde llena de aplausos.<\/p>\n<p style=\"text-align: center;\"><span style=\"color: #3366ff;\"><strong><a style=\"color: #3366ff;\" href=\"http:\/\/www.futboltotal.com.mx\/futbol-internacional\/mexicanos-en-europa\/\" target=\"_blank\">LEER M\u00c1S: Checa c\u00f3mo les fue a los mexicanos en Europa<\/a><\/strong><\/span><\/p>\n<p>El problema fue que <strong>Eibar<\/strong> ajust\u00f3 en el sector defensivo y empez\u00f3 a adue\u00f1arse la pelota; dominio que surti\u00f3 efecto antes de irse al descanso ya que Sergi Enrich igual\u00f3 las cartulinas (32\u2019). Para el complemento del cotejo, \u00a0los <em>Armeros<\/em> se adelantaron con la diana de Gonzalo Escalanta (52\u2019) misma que finiquit\u00f3 el duelo ya que las redes no se movieron nuevamente.<\/p>\n<p>M\u00e1s all\u00e1 de estar todo el partido, <strong>Carlos Vela<\/strong> fue incapaz de hacer diferencia en la cancha y por ello s\u00f3lo dispar\u00f3 tres veces a puerta. De esta forma, <strong>Real Sociedad<\/strong> se qued\u00f3 en el d\u00e9cimo puesto con 41 puntos.<\/p>\n<p><iframe loading=\"lazy\" src=\"https:\/\/www.youtube.com\/embed\/Ejv1s8-JuwU\" frameborder=\"0\" allowfullscreen=\"allowfullscreen\"><\/iframe><\/p>\n","protected":false},"excerpt":{"rendered":"<p>Los Txuri-Urdin perdieron 2-1, Vela estuvo los 90 minutos<\/p>\n","protected":false},"author":20,"featured_media":389214,"comment_status":"closed","ping_status":"closed","sticky":false,"template":"","format":"standard","meta":[],"categories":[3839,3844,6718,5951],"tags":[6048,102],"_links":{"self":[{"href":"http:\/\/desarrollo.grupomedios.com\/futbol\/wp-json\/wp\/v2\/posts\/389213"}],"collection":[{"href":"http:\/\/desarrollo.grupomedios.com\/futbol\/wp-json\/wp\/v2\/posts"}],"about":[{"href":"http:\/\/desarrollo.grupomedios.com\/futbol\/wp-json\/wp\/v2\/types\/post"}],"author":[{"embeddable":true,"href":"http:\/\/desarrollo.grupomedios.com\/futbol\/wp-json\/wp\/v2\/users\/20"}],"replies":[{"embeddable":true,"href":"http:\/\/desarrollo.grupomedios.com\/futbol\/wp-json\/wp\/v2\/comments?post=389213"}],"version-history":[{"count":0,"href":"http:\/\/desarrollo.grupomedios.com\/futbol\/wp-json\/wp\/v2\/posts\/389213\/revisions"}],"wp:featuredmedia":[{"embeddable":true,"href":"http:\/\/desarrollo.grupomedios.com\/futbol\/wp-json\/wp\/v2\/media\/389214"}],"wp:attachment":[{"href":"http:\/\/desarrollo.grupomedios.com\/futbol\/wp-json\/wp\/v2\/media?parent=389213"}],"wp:term":[{"taxonomy":"category","embeddable":true,"href":"http:\/\/desarrollo.grupomedios.com\/futbol\/wp-json\/wp\/v2\/categories?post=389213"},{"taxonomy":"post_tag","embeddable":true,"href":"http:\/\/desarrollo.grupomedios.com\/futbol\/wp-json\/wp\/v2\/tags?post=389213"}],"curies":[{"name":"wp","href":"https:\/\/api.w.org\/{rel}","templated":true}]}}