{"id":389324,"date":"2016-04-18T12:25:23","date_gmt":"2016-04-18T18:25:23","guid":{"rendered":"http:\/\/www.futboltotal.com.mx\/?p=389324"},"modified":"2016-04-18T12:36:30","modified_gmt":"2016-04-18T18:36:30","slug":"lista-la-liguilla-del-ascenso-mx","status":"publish","type":"post","link":"http:\/\/desarrollo.grupomedios.com\/futbol\/futbol-mexicano\/lista-la-liguilla-del-ascenso-mx\/2016\/04","title":{"rendered":"Definen horarios de la liguilla del Ascenso MX"},"content":{"rendered":"<p>El pasado s\u00e1bado, quedaron definidos los siete\u00a0calificados a la <strong>liguilla<\/strong> del <strong>Clausura 2016<\/strong> del<strong> Ascenso MX<\/strong>: Leones Negros, Necaxa, Tapachula, Celaya, Atlante, Zacatecas\u00a0y Correcaminos. Y este lunes,\u00a0se dieron a conocer los <strong>horarios<\/strong> de los\u00a0Cuartos de Final de la divisi\u00f3n de plata.<\/p>\n<p><strong>PARTIDOS DE IDA<\/strong><\/p>\n<p>Correcaminos vs Necaxa | Mi\u00e9rcoles 20 de abril | 18:30 horas<\/p>\n<p><em>Cafetaleros<\/em> de Tapachula\u00a0vs\u00a0<em>Mineros<\/em>\u00a0de Zacatecas | Mi\u00e9rcoles 20 de abril | 21:15 horas<\/p>\n<p>Atlante\u00a0vs Celaya\u00a0| Mi\u00e9rcoles 20 de abril | 19:45 horas<\/p>\n<p><strong>PARTIDOS DE VUELTA<\/strong><\/p>\n<p>Necaxa vs Correcaminos | S\u00e1bado\u00a023 de abril | 19:45 horas<\/p>\n<p><em>Mineros<\/em>\u00a0de Zacatecas vs <em>Cafetaleros<\/em>\u00a0de Tapachula\u00a0| S\u00e1bado\u00a023 de abril | 18:00 horas<\/p>\n<p>Celaya vs Atlante\u00a0| S\u00e1bado 23\u00a0de abril | 21:15 horas<\/p>\n<p><a href=\"http:\/\/www.futboltotal.com.mx\/wp-content\/uploads\/2016\/04\/2016-04-16.jpg\" rel=\"attachment wp-att-389325\"><img decoding=\"async\" loading=\"lazy\" class=\"wp-image-389325 size-full aligncenter\" src=\"http:\/\/www.futboltotal.com.mx\/wp-content\/uploads\/2016\/04\/2016-04-16.jpg\" alt=\"2016-04-16\" srcset=\"http:\/\/desarrollo.grupomedios.com\/futbol\/wp-content\/uploads\/2016\/04\/2016-04-16.jpg 846w, http:\/\/desarrollo.grupomedios.com\/futbol\/wp-content\/uploads\/2016\/04\/2016-04-16-300x201.jpg 300w, http:\/\/desarrollo.grupomedios.com\/futbol\/wp-content\/uploads\/2016\/04\/2016-04-16-768x515.jpg 768w\" sizes=\"(max-width: 846px) 100vw, 846px\" \/><\/a><\/p>\n<p>Leones Negros descansar\u00e1 la siguiente semana;\u00a0su condici\u00f3n de l\u00edder del\u00a0<strong>Clausura 2016<\/strong>\u00a0del<strong>\u00a0Ascenso MX\u00a0<\/strong>les otorg\u00f3\u00a0su boleto autom\u00e1tico a las semifinales.<\/p>\n<p>Necaxa accedi\u00f3 como segundo lugar general luego de la goleada 4-0 sobre Murci\u00e9lagos y enfrentar\u00e1 a Correcaminos que avanz\u00f3 luego de ganar el viernes. En la temporada regular los <em>Rayos<\/em> vencieron a\u00a0Tamaulipas 3-1 en Aguascalientes.<\/p>\n<p style=\"text-align: center;\"><strong><span style=\"color: #3366ff;\"><a style=\"color: #3366ff;\" href=\"http:\/\/www.futboltotal.com.mx\/2015\/12\/ascenso-mx-cuanto-tarda-un-equipo-en-ascender\/\">LEER M\u00c1S: \u00bfCu\u00e1nto tarda un equipo en ascender?<\/a><\/span><\/strong><\/p>\n<p>El segundo duelo de Cuartos de Final del\u00a0<strong>Clausura 2016<\/strong>\u00a0del<strong>\u00a0Ascenso MX\u00a0<\/strong>ser\u00e1 entre equipos que aspiran a su primera vez en la Liga MX. <em>Cafetaleros<\/em> de Tapachula chocar\u00e1 con <em>Mineros<\/em> de Zacatecas. En la temporada regular,\u00a0los zacatecanos\u00a0fueron a pegarle 0-1 a domicilio a los chiapanecos en lo que fue su \u00faltima derrota antes de una racha de 10 sin perder.<\/p>\n<p>El \u00faltimo duelo ser\u00e1 entre los <em>Toros<\/em> del Celaya ante el Atlante. Los Potros le pegaron 2-0 al cuadro <em>cajetero<\/em> en la campa\u00f1a,\u00a0pero el duelo fue en Canc\u00fan.<\/p>\n","protected":false},"excerpt":{"rendered":"<p>Mi\u00e9rcoles y s\u00e1bado se disputar\u00e1n los Cuartos de Final<\/p>\n","protected":false},"author":20,"featured_media":389600,"comment_status":"closed","ping_status":"closed","sticky":false,"template":"","format":"standard","meta":[],"categories":[3843,2198,5950],"tags":[432,537],"_links":{"self":[{"href":"http:\/\/desarrollo.grupomedios.com\/futbol\/wp-json\/wp\/v2\/posts\/389324"}],"collection":[{"href":"http:\/\/desarrollo.grupomedios.com\/futbol\/wp-json\/wp\/v2\/posts"}],"about":[{"href":"http:\/\/desarrollo.grupomedios.com\/futbol\/wp-json\/wp\/v2\/types\/post"}],"author":[{"embeddable":true,"href":"http:\/\/desarrollo.grupomedios.com\/futbol\/wp-json\/wp\/v2\/users\/20"}],"replies":[{"embeddable":true,"href":"http:\/\/desarrollo.grupomedios.com\/futbol\/wp-json\/wp\/v2\/comments?post=389324"}],"version-history":[{"count":0,"href":"http:\/\/desarrollo.grupomedios.com\/futbol\/wp-json\/wp\/v2\/posts\/389324\/revisions"}],"wp:featuredmedia":[{"embeddable":true,"href":"http:\/\/desarrollo.grupomedios.com\/futbol\/wp-json\/wp\/v2\/media\/389600"}],"wp:attachment":[{"href":"http:\/\/desarrollo.grupomedios.com\/futbol\/wp-json\/wp\/v2\/media?parent=389324"}],"wp:term":[{"taxonomy":"category","embeddable":true,"href":"http:\/\/desarrollo.grupomedios.com\/futbol\/wp-json\/wp\/v2\/categories?post=389324"},{"taxonomy":"post_tag","embeddable":true,"href":"http:\/\/desarrollo.grupomedios.com\/futbol\/wp-json\/wp\/v2\/tags?post=389324"}],"curies":[{"name":"wp","href":"https:\/\/api.w.org\/{rel}","templated":true}]}}