{"id":389345,"date":"2016-04-17T09:15:19","date_gmt":"2016-04-17T15:15:19","guid":{"rendered":"http:\/\/www.futboltotal.com.mx\/?p=389345"},"modified":"2016-04-17T16:19:40","modified_gmt":"2016-04-17T22:19:40","slug":"acaba-sueno-europeo-memo-ochoa","status":"publish","type":"post","link":"http:\/\/desarrollo.grupomedios.com\/futbol\/futbol-internacional\/acaba-sueno-europeo-memo-ochoa\/2016\/04","title":{"rendered":"Ochoa y M\u00e1laga dicen adi\u00f3s al sue\u00f1o europeo"},"content":{"rendered":"<p>Athletic de Bilbao<strong>\u00a0<\/strong>dej\u00f3 en la lona al <strong>M\u00e1laga<\/strong> y le tumb\u00f3 la etiqueta de amuleto al portero mexicano <strong>Memo<\/strong>\u00a0<strong>Ochoa<\/strong>.<b>\u00a0<\/b>El conjunto bilba\u00edno se meti\u00f3 a La Rosaleda para ense\u00f1ar m\u00fasculo y con un gol de Ra\u00fal Garc\u00eda aniquil\u00f3 la esperanza del cuadro malaguista de alcanzar el billete a la repesca para la Europa League.<\/p>\n<p>Hasta antes de este partido, el M\u00e1laga ten\u00eda en el horizonte la haza\u00f1a de mantenerse en zona de puestos europeos, pero tras la derrota el sue\u00f1o ya es utop\u00eda, toda vez que ha quedado estancado en el octavo puesto con 41 puntos -12 por debajo del Celta, sexto clasificado- cuando solo faltan cinco jornadas. En cambio el Athletic aun tiene posibilidad de alcanzar repechaje de Champions League<\/p>\n<p style=\"text-align: center;\"><span style=\"color: #3366ff;\"><strong><a style=\"color: #3366ff;\" href=\"http:\/\/www.futboltotal.com.mx\/futbol-internacional\/mexicanos-en-europa\/\">LEER M\u00c1S: Todas las noticias de mexicanos en Europa<\/a><\/strong><\/span><\/p>\n<p><iframe loading=\"lazy\" src=\"https:\/\/www.youtube.com\/embed\/cur11sLopxk\" frameborder=\"0\" allowfullscreen=\"allowfullscreen\"><\/iframe><br \/>\n<strong>Memo Ochoa\u00a0<\/strong>apareci\u00f3 como titular por quinta ocasi\u00f3n en el certamen y pese a tener un par de intervenciones puntuales no evit\u00f3 la ca\u00edda de los suyos. Poco hizo tras un tiro de esquina en el que cay\u00f3 la jugada del gol. Primero se qued\u00f3 est\u00e1tico en vez de salir con los pu\u00f1os y despu\u00e9s fue espectador de un remate a quemarropa de Ra\u00fal Garc\u00eda, que rompi\u00f3 la marca de Albentosa y no pudo contener el tiro a quemarropa.<\/p>\n<p><strong>Ochoa\u00a0<\/strong>perdi\u00f3 la condici\u00f3n de amuleto con el<strong> M\u00e1laga<\/strong>, pues desde que debut\u00f3 relevando a Carlos Kameni el pasado 5 de marzo ante Deportivo la Coru\u00f1a acumul\u00f3 dos victorias y tres empates. Hoy sufri\u00f3 su primera derrota y recibi\u00f3 su quinto gol. Para el recuerdo quedan los tres duelos\u00a0en que fue imbatible.<\/p>\n<p>La pr\u00f3xima semana, el M\u00e1laga enfrenta al Rayo Vallecano y por ahora es una inc\u00f3gnita si el mexicano ser\u00e1 de nueva cuenta titular, pues el arquero Carlos Kameni ya est\u00e1 en el \u00faltimo tramo de su recuperaci\u00f3n tras ser operado de una lesi\u00f3n meniscal.<\/p>\n<p>&nbsp;<\/p>\n","protected":false},"excerpt":{"rendered":"<p>El portero mexicano sufri\u00f3 su primera derrota como titular ante Athletic<\/p>\n","protected":false},"author":20,"featured_media":389346,"comment_status":"closed","ping_status":"closed","sticky":false,"template":"","format":"standard","meta":[],"categories":[3839,6718,5951],"tags":[5991,306],"_links":{"self":[{"href":"http:\/\/desarrollo.grupomedios.com\/futbol\/wp-json\/wp\/v2\/posts\/389345"}],"collection":[{"href":"http:\/\/desarrollo.grupomedios.com\/futbol\/wp-json\/wp\/v2\/posts"}],"about":[{"href":"http:\/\/desarrollo.grupomedios.com\/futbol\/wp-json\/wp\/v2\/types\/post"}],"author":[{"embeddable":true,"href":"http:\/\/desarrollo.grupomedios.com\/futbol\/wp-json\/wp\/v2\/users\/20"}],"replies":[{"embeddable":true,"href":"http:\/\/desarrollo.grupomedios.com\/futbol\/wp-json\/wp\/v2\/comments?post=389345"}],"version-history":[{"count":0,"href":"http:\/\/desarrollo.grupomedios.com\/futbol\/wp-json\/wp\/v2\/posts\/389345\/revisions"}],"wp:featuredmedia":[{"embeddable":true,"href":"http:\/\/desarrollo.grupomedios.com\/futbol\/wp-json\/wp\/v2\/media\/389346"}],"wp:attachment":[{"href":"http:\/\/desarrollo.grupomedios.com\/futbol\/wp-json\/wp\/v2\/media?parent=389345"}],"wp:term":[{"taxonomy":"category","embeddable":true,"href":"http:\/\/desarrollo.grupomedios.com\/futbol\/wp-json\/wp\/v2\/categories?post=389345"},{"taxonomy":"post_tag","embeddable":true,"href":"http:\/\/desarrollo.grupomedios.com\/futbol\/wp-json\/wp\/v2\/tags?post=389345"}],"curies":[{"name":"wp","href":"https:\/\/api.w.org\/{rel}","templated":true}]}}