{"id":389394,"date":"2016-04-18T10:45:43","date_gmt":"2016-04-18T16:45:43","guid":{"rendered":"http:\/\/www.futboltotal.com.mx\/?p=389394"},"modified":"2016-04-18T10:48:32","modified_gmt":"2016-04-18T16:48:32","slug":"cae-barcelona-cae-se-enciende-la-liga","status":"publish","type":"post","link":"http:\/\/desarrollo.grupomedios.com\/futbol\/futbol-internacional\/cae-barcelona-cae-se-enciende-la-liga\/2016\/04","title":{"rendered":"\u00a1El Barcelona ya no tiene colch\u00f3n de puntos!"},"content":{"rendered":"<p>Y de repente, la Liga recobr\u00f3 el pulso y el sabor que hace falta para no perderse ni un solo partido de los que disputar\u00e1n el <strong>Barcelona<\/strong>, <strong>Atl\u00e9tico<\/strong> y <strong>Real Madrid<\/strong> en el cierre de la temporada 2015-16.<\/p>\n<p>Hasta hace tres jornadas, los <em>Cul\u00e9s<\/em> eran amplios favoritos y ten\u00edan una ventaja de 12 puntos sobre los <em>Rojiblancos<\/em> y <em>Merengues<\/em>. Sin embargo en un parpadeo, el colch\u00f3n de puntos esfum\u00f3.<\/p>\n<p style=\"text-align: center;\"><span style=\"color: #3366ff;\"><strong><a style=\"color: #3366ff;\" href=\"http:\/\/www.futboltotal.com.mx\/futbol-internacional\/\">LEER M\u00c1S: Todas las noticias de futbol internacional<\/a><\/strong><\/span><\/p>\n<p>Este domingo, el <strong>Barcelona<\/strong> confirm\u00f3 que atraviesa el momento m\u00e1s duro y delicado de la temporada<a href=\"http:\/\/www.futboltotal.com.mx\/2016\/04\/barcelona-se-desploma-en-la-liga\/\"> tras caer 1-2 en el Camp Nou ante Valencia.<\/a> La<em> MSN<\/em> no pudo evitar la debacle &#8211;<a href=\"http:\/\/www.futboltotal.com.mx\/2016\/04\/gol-500-el-mas-triste-de-messi\/\">solo Lio anot\u00f3 por fin su gol 500<\/a>&#8211; y el cuadro catal\u00e1n se qued\u00f3 estancado en 76 puntos. Esta cifra es la misma que alcanz\u00f3 el Atl\u00e9tico despu\u00e9s de golear 3-0 al Granada. Y el Real Madrid solo est\u00e1 un puntito detr\u00e1s.<\/p>\n<p>La mesa est\u00e1 puesta para vivir el desenlace m\u00e1s electrizante en las cinco jornadas que restan del campeonato espa\u00f1ol. La lucha por el t\u00edtulo est\u00e1 al rojo vivo. \u00bfQui\u00e9n ser\u00e1 el campe\u00f3n?\u00a0<a href=\"http:\/\/www.futboltotal.com.mx\/wp-content\/uploads\/2016\/04\/Barcelona-1.jpg\" rel=\"attachment wp-att-389395\"><img decoding=\"async\" loading=\"lazy\" class=\"alignnone size-full wp-image-389395\" src=\"http:\/\/www.futboltotal.com.mx\/wp-content\/uploads\/2016\/04\/Barcelona-1.jpg\" alt=\"Barcelona\" srcset=\"http:\/\/desarrollo.grupomedios.com\/futbol\/wp-content\/uploads\/2016\/04\/Barcelona-1.jpg 920w, http:\/\/desarrollo.grupomedios.com\/futbol\/wp-content\/uploads\/2016\/04\/Barcelona-1-219x300.jpg 219w, http:\/\/desarrollo.grupomedios.com\/futbol\/wp-content\/uploads\/2016\/04\/Barcelona-1-768x1050.jpg 768w, http:\/\/desarrollo.grupomedios.com\/futbol\/wp-content\/uploads\/2016\/04\/Barcelona-1-749x1024.jpg 749w\" sizes=\"(max-width: 920px) 100vw, 920px\" \/><\/a><\/p>\n","protected":false},"excerpt":{"rendered":"<p>Atl\u00e9tico igual\u00f3 en puntos al Bar\u00e7a y el Real Madrid los acecha<\/p>\n","protected":false},"author":20,"featured_media":388954,"comment_status":"closed","ping_status":"closed","sticky":false,"template":"","format":"standard","meta":[],"categories":[3839,3844,5951],"tags":[2047,5984,5988],"_links":{"self":[{"href":"http:\/\/desarrollo.grupomedios.com\/futbol\/wp-json\/wp\/v2\/posts\/389394"}],"collection":[{"href":"http:\/\/desarrollo.grupomedios.com\/futbol\/wp-json\/wp\/v2\/posts"}],"about":[{"href":"http:\/\/desarrollo.grupomedios.com\/futbol\/wp-json\/wp\/v2\/types\/post"}],"author":[{"embeddable":true,"href":"http:\/\/desarrollo.grupomedios.com\/futbol\/wp-json\/wp\/v2\/users\/20"}],"replies":[{"embeddable":true,"href":"http:\/\/desarrollo.grupomedios.com\/futbol\/wp-json\/wp\/v2\/comments?post=389394"}],"version-history":[{"count":0,"href":"http:\/\/desarrollo.grupomedios.com\/futbol\/wp-json\/wp\/v2\/posts\/389394\/revisions"}],"wp:featuredmedia":[{"embeddable":true,"href":"http:\/\/desarrollo.grupomedios.com\/futbol\/wp-json\/wp\/v2\/media\/388954"}],"wp:attachment":[{"href":"http:\/\/desarrollo.grupomedios.com\/futbol\/wp-json\/wp\/v2\/media?parent=389394"}],"wp:term":[{"taxonomy":"category","embeddable":true,"href":"http:\/\/desarrollo.grupomedios.com\/futbol\/wp-json\/wp\/v2\/categories?post=389394"},{"taxonomy":"post_tag","embeddable":true,"href":"http:\/\/desarrollo.grupomedios.com\/futbol\/wp-json\/wp\/v2\/tags?post=389394"}],"curies":[{"name":"wp","href":"https:\/\/api.w.org\/{rel}","templated":true}]}}