{"id":389409,"date":"2016-04-17T13:29:41","date_gmt":"2016-04-17T19:29:41","guid":{"rendered":"http:\/\/www.futboltotal.com.mx\/?p=389409"},"modified":"2016-04-17T20:06:25","modified_gmt":"2016-04-18T02:06:25","slug":"11-ideal-historico-del-atlante","status":"publish","type":"post","link":"http:\/\/desarrollo.grupomedios.com\/futbol\/futbol-mexicano\/11-ideal-historico-del-atlante\/2016\/04","title":{"rendered":"El 11 ideal hist\u00f3rico del Atlante"},"content":{"rendered":"<p>Este 18 de abril, <strong>Atlante<\/strong> festeja 100 a\u00f1os de existencia, y ante la celebraci\u00f3n blaugrana, recordamos a los hombres m\u00e1s sobresalientes del club, en su respectiva posici\u00f3n. \u00bfEst\u00e1s de acuerdo con este <strong>11 ideal hist\u00f3rico<\/strong> de los <em>Potros<\/em> <em>de Hierro<\/em>, crack?<\/p>\n<p style=\"text-align: center;\"><span style=\"color: #3366ff;\"><strong><a style=\"color: #3366ff;\" href=\"http:\/\/www.futboltotal.com.mx\/2016\/04\/atlante-equipo-reinvento-historia\/\" target=\"_blank\">LEER M\u00c1S: Atlante, el equipo que reinvent\u00f3 su historia<\/a><\/strong><\/span><\/p>\n<p><a href=\"http:\/\/www.futboltotal.com.mx\/wp-content\/uploads\/2016\/04\/11-ideal-historico-del-atlante.png\" rel=\"attachment wp-att-389412\"><img decoding=\"async\" loading=\"lazy\" class=\"alignnone size-full wp-image-389412\" src=\"http:\/\/www.futboltotal.com.mx\/wp-content\/uploads\/2016\/04\/11-ideal-historico-del-atlante.png\" alt=\"11-ideal-historico-del-atlante\" srcset=\"http:\/\/desarrollo.grupomedios.com\/futbol\/wp-content\/uploads\/2016\/04\/11-ideal-historico-del-atlante.png 820w, http:\/\/desarrollo.grupomedios.com\/futbol\/wp-content\/uploads\/2016\/04\/11-ideal-historico-del-atlante-237x300.png 237w, http:\/\/desarrollo.grupomedios.com\/futbol\/wp-content\/uploads\/2016\/04\/11-ideal-historico-del-atlante-768x970.png 768w, http:\/\/desarrollo.grupomedios.com\/futbol\/wp-content\/uploads\/2016\/04\/11-ideal-historico-del-atlante-811x1024.png 811w\" sizes=\"(max-width: 820px) 100vw, 820px\" \/><\/a><\/p>\n<p><em>Portero<\/em><\/p>\n<p><strong>Ricardo La Volpe<\/strong> | Despu\u00e9s de ser campe\u00f3n mundial con Argentina en 1978, el bigot\u00f3n lleg\u00f3 al Atlante para tener un exitoso paso, en donde lleg\u00f3 a ser subcampe\u00f3n. Como estratega, tambi\u00e9n ha tenido diferentes etapas en el tim\u00f3n <em>blaugrana<\/em>.<\/p>\n<p><strong>Federico Vilar<\/strong> | El cancerbero es una de las leyendas m\u00e1s destacadas de los \u00faltimos tiempos del Atlante, e inclusive, particip\u00f3 en el \u00faltimo t\u00edtulo de <em>los Potros<\/em> en 2007.<\/p>\n<p><em>Defensas<\/em><\/p>\n<p><strong>Ra\u00fal Guti\u00e9rrez <\/strong>| <em>El Potro<\/em> es uno de los iconos blaugranas, jug\u00f3 seis a\u00f1os con el Atlante y fue campe\u00f3n en la temporada 1992-93.<\/p>\n<p><strong>Jos\u00e9 Guadalupe Cruz<\/strong> | <em>El Profe<\/em>, es uno de los futbolistas hist\u00f3ricos del club, por haber sido campe\u00f3n con los <em>Potros<\/em>, tanto como jugador, como director t\u00e9cnico. En la temporada 1992-93 lo hizo dentro de la cancha, en el Apertura 2007, desde el tim\u00f3n.<\/p>\n<p><strong>Javier Mu\u00f1oz Mustaf\u00e1<\/strong> | Dos a\u00f1os como comandante de la zaga atlantista, fueron suficientes para ganarse el cari\u00f1o de la afici\u00f3n del equipo. Fue campe\u00f3n en el Apertura 2007 con los <em>Potros<\/em>.<\/p>\n<p><strong>Miguel Herrera<\/strong> | <em>El Piojo<\/em> jug\u00f3 en tres etapas con los <em>Potros de Hierro<\/em> y en las tres, sobresali\u00f3 con el cuadro entonces capitalino, por su garra en dentro de la cancha. Fue campe\u00f3n en la temporada 1992-93.<\/p>\n<p><em>Medios<\/em><\/p>\n<p><strong>Jos\u00e9 Luis Gonz\u00e1lez<\/strong> | <em>El Calaca<\/em> es uno de los mediocampistas que quedaron en la memoria de la afici\u00f3n atlantista, por la manera en como jugaba. Fue subcampe\u00f3n en la temporada 1982-83, junto con Ricardo La-Volpe.<\/p>\n<p>Rub\u00e9n Ayala | Argentino naturalizado mexicano, <em>el Rat\u00f3n<\/em> es otro icono blaugrana por la t\u00e9cnica individual que mostraba en el campo. Lleg\u00f3 al Atlante en el final de su carrera, pero rindi\u00f3 de igual forma que en su pa\u00eds y en Europa.<\/p>\n<p><strong>Eduardo Moses<\/strong> | Subcampe\u00f3n con Atlante en la temporada 1982-83, es uno de los futbolistas ofensivos m\u00e1s sobresalientes de la historia del equipo.<\/p>\n<p><em>Delanteros<\/em><\/p>\n<p><strong>Horacio Casar\u00edn<\/strong> | Uno de los m\u00e1ximos goleadores de la historia del futbol mexicano, dej\u00f3 gran parte de sus m\u00e9ritos jugando para el Atlante, con quienes fue campe\u00f3n en la temporada 1946-47.<\/p>\n<p><strong>Sebasti\u00e1n Gonz\u00e1lez<\/strong> | Hijo de un hist\u00f3rico goleador chileno, <em>el Chamagol<\/em> lleg\u00f3 en 2002 para integrarse a la historia del club, pues, pese a no ser campe\u00f3n con los blaugranas, marc\u00f3 72 goles, con los que se integr\u00f3 en el Top 5 de m\u00e1ximos anotadores del club.<\/p>\n<p><strong>Evanivaldo Castro<\/strong> | Cabinho es el m\u00e1ximo goleador hist\u00f3rico del Atlante, con 108 anotaciones, adem\u00e1s, fue tres veces campe\u00f3n de goleo individual, con la camiseta de <em>los Potros<\/em>, en las temporadas 1979-08, 1980-81, y 1981-82.<\/p>\n","protected":false},"excerpt":{"rendered":"<p>Tras 100 a\u00f1os de vida, estos ser\u00edan los futbolistas m\u00e1s destacados<\/p>\n","protected":false},"author":20,"featured_media":389414,"comment_status":"closed","ping_status":"closed","sticky":false,"template":"","format":"standard","meta":[],"categories":[3843,2198,5950],"tags":[5623,5960],"_links":{"self":[{"href":"http:\/\/desarrollo.grupomedios.com\/futbol\/wp-json\/wp\/v2\/posts\/389409"}],"collection":[{"href":"http:\/\/desarrollo.grupomedios.com\/futbol\/wp-json\/wp\/v2\/posts"}],"about":[{"href":"http:\/\/desarrollo.grupomedios.com\/futbol\/wp-json\/wp\/v2\/types\/post"}],"author":[{"embeddable":true,"href":"http:\/\/desarrollo.grupomedios.com\/futbol\/wp-json\/wp\/v2\/users\/20"}],"replies":[{"embeddable":true,"href":"http:\/\/desarrollo.grupomedios.com\/futbol\/wp-json\/wp\/v2\/comments?post=389409"}],"version-history":[{"count":0,"href":"http:\/\/desarrollo.grupomedios.com\/futbol\/wp-json\/wp\/v2\/posts\/389409\/revisions"}],"wp:featuredmedia":[{"embeddable":true,"href":"http:\/\/desarrollo.grupomedios.com\/futbol\/wp-json\/wp\/v2\/media\/389414"}],"wp:attachment":[{"href":"http:\/\/desarrollo.grupomedios.com\/futbol\/wp-json\/wp\/v2\/media?parent=389409"}],"wp:term":[{"taxonomy":"category","embeddable":true,"href":"http:\/\/desarrollo.grupomedios.com\/futbol\/wp-json\/wp\/v2\/categories?post=389409"},{"taxonomy":"post_tag","embeddable":true,"href":"http:\/\/desarrollo.grupomedios.com\/futbol\/wp-json\/wp\/v2\/tags?post=389409"}],"curies":[{"name":"wp","href":"https:\/\/api.w.org\/{rel}","templated":true}]}}