{"id":389459,"date":"2016-04-17T17:23:21","date_gmt":"2016-04-17T23:23:21","guid":{"rendered":"http:\/\/www.futboltotal.com.mx\/?p=389459"},"modified":"2016-04-17T17:28:26","modified_gmt":"2016-04-17T23:28:26","slug":"alan-pulido-campeon-olympiakos","status":"publish","type":"post","link":"http:\/\/desarrollo.grupomedios.com\/futbol\/futbol-internacional\/alan-pulido-campeon-olympiakos\/2016\/04","title":{"rendered":"Pulido celebra en grande t\u00edtulo con Olympiacos"},"content":{"rendered":"<p>En la jornada 30 de la Superliga Griega, el mexicano <strong>Alan Pulido<\/strong> celebr\u00f3 en grande la conquista del t\u00edtulo de liga de la temporada 2015-16 con el Olympiacos, que acab\u00f3 la temporada con 85 puntos, 28 por encima de su m\u00e1s cercano perseguidor el Aek Atenas.<\/p>\n<p><strong>Olympiacos<\/strong> se proclam\u00f3 campe\u00f3n desde el pasado 26 de febrero -despu\u00e9s de vencer al Veria, del mexicano Pedro Arce-, pero fue hasta hoy, en la \u00faltima fecha del la competici\u00f3n cuando el cuadro hel\u00e9nico decidi\u00f3 celebrar en casa el pentacampeonato.<\/p>\n<p style=\"text-align: center;\"><span style=\"color: #3366ff;\"><strong><a style=\"color: #3366ff;\" href=\"http:\/\/www.futboltotal.com.mx\/futbol-internacional\/mexicanos-en-europa\/\">LEER M\u00c1S: Todas las noticias de mexicanos en Europa<\/a><\/strong><\/span><\/p>\n<blockquote class=\"twitter-tweet\" data-lang=\"es\">\n<p dir=\"ltr\" lang=\"fr\">Ideye, Pulido &amp; Pardo avec le troph\u00e9e. <a href=\"https:\/\/t.co\/rWWEP6D2TF\">pic.twitter.com\/rWWEP6D2TF<\/a><\/p>\n<p>\u2014 Olympiakos France (@OlympiakosFr) <a href=\"https:\/\/twitter.com\/OlympiakosFr\/status\/721815883895730176\">17 de abril de 2016<\/a><\/p><\/blockquote>\n<p><script src=\"\/\/platform.twitter.com\/widgets.js\" async=\"\" charset=\"utf-8\"><\/script><\/p>\n<p>Olympiacos coron\u00f3 la haza\u00f1a este domingo con una goleada 5-0 ante el Kalloni. Aunque el mexicano no tuvo actividad s\u00ed estuvo presente en los festejos que se dieron en el estadio\u00a0Ge\u00f3rgicos Karaiskakis y comparti\u00f3 con sus compa\u00f1eros la gesta, a la cual aport\u00f3 cinco goles en los ocho partidos en los que acumul\u00f3 469 minutos.<\/p>\n<p><strong>Alan Pulido<\/strong> es el segundo mexicano en lograr conquistar la liga hel\u00e9nica con el Olympiacos. El primero que lo hizo fue Nery Castillo durante siete temporadas, en las que tambi\u00e9n gan\u00f3 un par de Copas. De hecho, Pulido tambi\u00e9n podr\u00eda conseguir el doblete, pues el pr\u00f3ximo 27 de abril, disputar\u00e1 las semifinales de la copa ante el PAOK.<\/p>\n","protected":false},"excerpt":{"rendered":"<p>El delantero es el segundo mexicano que conquista la liga griega <\/p>\n","protected":false},"author":20,"featured_media":389468,"comment_status":"closed","ping_status":"closed","sticky":false,"template":"","format":"standard","meta":[],"categories":[3839,6718,5951],"tags":[1607,6091],"_links":{"self":[{"href":"http:\/\/desarrollo.grupomedios.com\/futbol\/wp-json\/wp\/v2\/posts\/389459"}],"collection":[{"href":"http:\/\/desarrollo.grupomedios.com\/futbol\/wp-json\/wp\/v2\/posts"}],"about":[{"href":"http:\/\/desarrollo.grupomedios.com\/futbol\/wp-json\/wp\/v2\/types\/post"}],"author":[{"embeddable":true,"href":"http:\/\/desarrollo.grupomedios.com\/futbol\/wp-json\/wp\/v2\/users\/20"}],"replies":[{"embeddable":true,"href":"http:\/\/desarrollo.grupomedios.com\/futbol\/wp-json\/wp\/v2\/comments?post=389459"}],"version-history":[{"count":0,"href":"http:\/\/desarrollo.grupomedios.com\/futbol\/wp-json\/wp\/v2\/posts\/389459\/revisions"}],"wp:featuredmedia":[{"embeddable":true,"href":"http:\/\/desarrollo.grupomedios.com\/futbol\/wp-json\/wp\/v2\/media\/389468"}],"wp:attachment":[{"href":"http:\/\/desarrollo.grupomedios.com\/futbol\/wp-json\/wp\/v2\/media?parent=389459"}],"wp:term":[{"taxonomy":"category","embeddable":true,"href":"http:\/\/desarrollo.grupomedios.com\/futbol\/wp-json\/wp\/v2\/categories?post=389459"},{"taxonomy":"post_tag","embeddable":true,"href":"http:\/\/desarrollo.grupomedios.com\/futbol\/wp-json\/wp\/v2\/tags?post=389459"}],"curies":[{"name":"wp","href":"https:\/\/api.w.org\/{rel}","templated":true}]}}