{"id":389561,"date":"2016-04-18T10:30:03","date_gmt":"2016-04-18T16:30:03","guid":{"rendered":"http:\/\/www.futboltotal.com.mx\/?p=389561"},"modified":"2016-04-18T10:51:08","modified_gmt":"2016-04-18T16:51:08","slug":"las-emociones-la-liga-mx-2","status":"publish","type":"post","link":"http:\/\/desarrollo.grupomedios.com\/futbol\/destacado-home\/las-emociones-la-liga-mx-2\/2016\/04","title":{"rendered":"Las EMOCIONES de&#8230; \u00a1La Liga MX!"},"content":{"rendered":"<p>Se jug\u00f3 la fecha\u00a014 del Clausura 2016\u00a0de la\u00a0<strong><a href=\"http:\/\/www.futboltotal.com.mx\/futbol-mexicano\/\">Liga MX<\/a><\/strong>. Y los 18 equipos nos regalaron grandes EMOCIONES. Partidazos, feria de goles, victorias, derrotas, lucha por salvar la categor\u00eda, duelos de aficiones\u2026 En suma, todo se conjug\u00f3 para vivir una electrizante jornada que dej\u00f3 un mont\u00f3n de cosas para re\u00edr, analizar y, sobre todo, para conversar sobre lo que depara el cierre del torneo con miras a la Liguilla.<\/p>\n<p>Y en <span style=\"color: #800000;\">Futbol Total<\/span> no lo pasamos desapercibido, por ello te presentamos las EMOCIONES de la <strong><a href=\"http:\/\/www.futboltotal.com.mx\/futbol-mexicano\/\">Liga MX<\/a><\/strong> con el recuento de las sensaciones tras un intenso fin de semana futbolero. \u00a1Rev\u00edvelas!<\/p>\n<p>[video_player]https:\/\/player.vimeo.com\/external\/163275945.hd.mp4?s=dfc4ae260c710271ea11d373e1d3bdc14f9ed32f&amp;profile_id=174[\/video_player]<\/p>\n","protected":false},"excerpt":{"rendered":"<p>Te presentamos lo que nos dej\u00f3 la jornada 14 del Clausura 2016<\/p>\n","protected":false},"author":20,"featured_media":387595,"comment_status":"closed","ping_status":"closed","sticky":false,"template":"","format":"standard","meta":[],"categories":[5,3845],"tags":[6458,7008,64],"_links":{"self":[{"href":"http:\/\/desarrollo.grupomedios.com\/futbol\/wp-json\/wp\/v2\/posts\/389561"}],"collection":[{"href":"http:\/\/desarrollo.grupomedios.com\/futbol\/wp-json\/wp\/v2\/posts"}],"about":[{"href":"http:\/\/desarrollo.grupomedios.com\/futbol\/wp-json\/wp\/v2\/types\/post"}],"author":[{"embeddable":true,"href":"http:\/\/desarrollo.grupomedios.com\/futbol\/wp-json\/wp\/v2\/users\/20"}],"replies":[{"embeddable":true,"href":"http:\/\/desarrollo.grupomedios.com\/futbol\/wp-json\/wp\/v2\/comments?post=389561"}],"version-history":[{"count":0,"href":"http:\/\/desarrollo.grupomedios.com\/futbol\/wp-json\/wp\/v2\/posts\/389561\/revisions"}],"wp:featuredmedia":[{"embeddable":true,"href":"http:\/\/desarrollo.grupomedios.com\/futbol\/wp-json\/wp\/v2\/media\/387595"}],"wp:attachment":[{"href":"http:\/\/desarrollo.grupomedios.com\/futbol\/wp-json\/wp\/v2\/media?parent=389561"}],"wp:term":[{"taxonomy":"category","embeddable":true,"href":"http:\/\/desarrollo.grupomedios.com\/futbol\/wp-json\/wp\/v2\/categories?post=389561"},{"taxonomy":"post_tag","embeddable":true,"href":"http:\/\/desarrollo.grupomedios.com\/futbol\/wp-json\/wp\/v2\/tags?post=389561"}],"curies":[{"name":"wp","href":"https:\/\/api.w.org\/{rel}","templated":true}]}}