{"id":389609,"date":"2016-04-18T14:11:15","date_gmt":"2016-04-18T20:11:15","guid":{"rendered":"http:\/\/www.futboltotal.com.mx\/?p=389609"},"modified":"2016-04-18T14:27:20","modified_gmt":"2016-04-18T20:27:20","slug":"ochoa-en-la-orbita-del-sevilla","status":"publish","type":"post","link":"http:\/\/desarrollo.grupomedios.com\/futbol\/destacado-home\/ochoa-en-la-orbita-del-sevilla\/2016\/04","title":{"rendered":"Memo Ochoa, \u00bfen la \u00f3rbita del Sevilla?"},"content":{"rendered":"<p>Ya es el consentido de la afici\u00f3n del <strong>M\u00e1laga<\/strong>. Se lo gan\u00f3 en el cierre de la temporada 2015-16, despu\u00e9s de cinco partidos de liga en los que apenas ha sufrido una derrota y permitido cuatro goles.<\/p>\n<p>El mexicano <strong>Guillermo Ochoa<\/strong>\u00a0 ha recobrado protagonismo en la Liga de Espa\u00f1a desde el pasado 11 de marzo, cuando fue titular por primera vez en la Liga. Y tambi\u00e9n con esas buenas actuaciones se ha ganado el haber sido colocado en la \u00f3rbita del <strong>Sevilla<\/strong>.<\/p>\n<p>Hace un par de d\u00edas, <strong>Memo<\/strong>\u00a0<strong>Ochoa<\/strong>\u00a0declar\u00f3 que solo estaba concentrado en disfrutar al m\u00e1ximo el momento que viv\u00eda con el cuadro andaluz, despu\u00e9s de que debut\u00f3 el pasado 3 de marzo tras relevar a Carlos Kameni, quien se lesion\u00f3\u00a0a principios de marzo\u00a0ante el Deportivo La Coru\u00f1a. &#8220;Si me fijo en lo que pasar\u00e1 despu\u00e9s no podr\u00e9 disfrutar del momento que vivo hoy&#8221;, apunt\u00f3 el mexicano en entrevista para <em>La Opini\u00f3n del M\u00e1laga<\/em>.<\/p>\n<p style=\"text-align: center;\"><span style=\"color: #3366ff;\"><strong><a style=\"color: #3366ff;\" href=\"http:\/\/www.futboltotal.com.mx\/futbol-internacional\/mexicanos-en-europa\/\">LEER M\u00c1S: Todas las noticias de mexicanos en Europa<\/a><\/strong><\/span><\/p>\n<p>La prensa internacional ha comenzado a especular con la posible salida de <strong>Memo\u00a0Ochoa<\/strong> de cara a la pr\u00f3xima temporada. El club en el que podr\u00eda recalar es el <strong>Sevilla<\/strong>, que por ahora tiene m\u00e1s que cubierta la plaza de portero. De hecho, el estratega Unai Emery admiti\u00f3 no hace mucho que &#8220;siempre es un problema elegir portero cuando se tiene tres buenos elementos&#8221; como Sergio Rico, Beto y David Soria.<\/p>\n<p><strong>Memo Ochoa,<\/strong>\u00a0de 30 a\u00f1os, aun tiene contrato hasta 2017 con el cuadro andaluz y hasta el momento la \u00fanica certeza sobre su futuro es que est\u00e1 pr\u00f3ximo a recibir su pasaporte comunitario y a partir de la pr\u00f3xima temporada dejar\u00e1 de ocupar plaza de extranjero, por lo que no ser\u00eda descabellado que pudiera cambiar de club si en el M\u00e1laga no logra afianzar la titularidad.<\/p>\n","protected":false},"excerpt":{"rendered":"<p>El cuadro nervi\u00f3n estar\u00eda interesado en fichar al mexicano<\/p>\n","protected":false},"author":20,"featured_media":363970,"comment_status":"closed","ping_status":"closed","sticky":false,"template":"","format":"standard","meta":[],"categories":[5,3839,6718],"tags":[5991,306],"_links":{"self":[{"href":"http:\/\/desarrollo.grupomedios.com\/futbol\/wp-json\/wp\/v2\/posts\/389609"}],"collection":[{"href":"http:\/\/desarrollo.grupomedios.com\/futbol\/wp-json\/wp\/v2\/posts"}],"about":[{"href":"http:\/\/desarrollo.grupomedios.com\/futbol\/wp-json\/wp\/v2\/types\/post"}],"author":[{"embeddable":true,"href":"http:\/\/desarrollo.grupomedios.com\/futbol\/wp-json\/wp\/v2\/users\/20"}],"replies":[{"embeddable":true,"href":"http:\/\/desarrollo.grupomedios.com\/futbol\/wp-json\/wp\/v2\/comments?post=389609"}],"version-history":[{"count":0,"href":"http:\/\/desarrollo.grupomedios.com\/futbol\/wp-json\/wp\/v2\/posts\/389609\/revisions"}],"wp:featuredmedia":[{"embeddable":true,"href":"http:\/\/desarrollo.grupomedios.com\/futbol\/wp-json\/wp\/v2\/media\/363970"}],"wp:attachment":[{"href":"http:\/\/desarrollo.grupomedios.com\/futbol\/wp-json\/wp\/v2\/media?parent=389609"}],"wp:term":[{"taxonomy":"category","embeddable":true,"href":"http:\/\/desarrollo.grupomedios.com\/futbol\/wp-json\/wp\/v2\/categories?post=389609"},{"taxonomy":"post_tag","embeddable":true,"href":"http:\/\/desarrollo.grupomedios.com\/futbol\/wp-json\/wp\/v2\/tags?post=389609"}],"curies":[{"name":"wp","href":"https:\/\/api.w.org\/{rel}","templated":true}]}}